{"id":31216,"date":"2026-01-15T02:23:49","date_gmt":"2026-01-15T02:23:49","guid":{"rendered":"https:\/\/modusportal.ba\/mojevijesti\/2026\/01\/15\/zbog-kvara-u-novoj-zeljezari-brojni-gradani-zenice-bez-grijanja-bice-snizeni-racuni\/"},"modified":"2026-01-15T02:23:49","modified_gmt":"2026-01-15T02:23:49","slug":"zbog-kvara-u-novoj-zeljezari-brojni-gradani-zenice-bez-grijanja-bice-snizeni-racuni","status":"publish","type":"post","link":"https:\/\/modusportal.ba\/mojevijesti\/2026\/01\/15\/zbog-kvara-u-novoj-zeljezari-brojni-gradani-zenice-bez-grijanja-bice-snizeni-racuni\/","title":{"rendered":"Zbog kvara u Novoj \u017deljezari, brojni gra\u0111ani Zenice bez grijanja: Bi\u0107e sni\u017eeni ra\u010duni"},"content":{"rendered":"<p><\/p>\n<p><img loading=\"lazy\" decoding=\"async\" loading=\"lazy\" width=\"1024\" height=\"538\" src=\"https:\/\/cdn.fokus.ba\/wp-content\/uploads\/2024\/04\/grijanje-radijator-1024x538.webp\" class=\"attachment-large size-large wp-post-image\" alt=\"grijanje radijator\"><\/p>\n<p>Prema odluci, kako isti\u010du iz JP &#8220;Grijanje&#8221; Zenica, zbog \u010destih redukcija, sljede\u0107a dva ra\u010duna bit \u0107e smanjena<\/p>\n<p><a href=\"https:\/\/www.fokus.ba\/vijesti\/bih\/zbog-kvara-u-novoj-zeljezari-brojni-gradjani-zenice-bez-grijanja-bice-snizeni-racuni\/3520100\/\">Fokus.ba <\/a><\/p>\n","protected":false},"excerpt":{"rendered":"<p>Prema odluci, kako isti\u010du iz JP &#8220;Grijanje&#8221; Zenica, zbog \u010destih redukcija, sljede\u0107a dva ra\u010duna bit \u0107e smanjena Fokus.ba<\/p>\n","protected":false},"author":1,"featured_media":31217,"comment_status":"open","ping_status":"open","sticky":false,"template":"","format":"standard","meta":{"_siteseo_robots_primary_cat":"","footnotes":""},"categories":[],"tags":[],"class_list":["post-31216","post","type-post","status-publish","format-standard","has-post-thumbnail"],"_links":{"self":[{"href":"https:\/\/modusportal.ba\/mojevijesti\/wp-json\/wp\/v2\/posts\/31216","targetHints":{"allow":["GET"]}}],"collection":[{"href":"https:\/\/modusportal.ba\/mojevijesti\/wp-json\/wp\/v2\/posts"}],"about":[{"href":"https:\/\/modusportal.ba\/mojevijesti\/wp-json\/wp\/v2\/types\/post"}],"author":[{"embeddable":true,"href":"https:\/\/modusportal.ba\/mojevijesti\/wp-json\/wp\/v2\/users\/1"}],"replies":[{"embeddable":true,"href":"https:\/\/modusportal.ba\/mojevijesti\/wp-json\/wp\/v2\/comments?post=31216"}],"version-history":[{"count":0,"href":"https:\/\/modusportal.ba\/mojevijesti\/wp-json\/wp\/v2\/posts\/31216\/revisions"}],"wp:featuredmedia":[{"embeddable":true,"href":"https:\/\/modusportal.ba\/mojevijesti\/wp-json\/wp\/v2\/media\/31217"}],"wp:attachment":[{"href":"https:\/\/modusportal.ba\/mojevijesti\/wp-json\/wp\/v2\/media?parent=31216"}],"wp:term":[{"taxonomy":"category","embeddable":true,"href":"https:\/\/modusportal.ba\/mojevijesti\/wp-json\/wp\/v2\/categories?post=31216"},{"taxonomy":"post_tag","embeddable":true,"href":"https:\/\/modusportal.ba\/mojevijesti\/wp-json\/wp\/v2\/tags?post=31216"}],"curies":[{"name":"wp","href":"https:\/\/api.w.org\/{rel}","templated":true}]}}