{"id":31220,"date":"2026-01-15T14:27:07","date_gmt":"2026-01-15T14:27:07","guid":{"rendered":"https:\/\/modusportal.ba\/mojevijesti\/2026\/01\/15\/kako-je-hadzija-s-tiktoka-pod-krinkom-vjere-novac-gradana-trosio-na-kocku\/"},"modified":"2026-01-15T14:27:07","modified_gmt":"2026-01-15T14:27:07","slug":"kako-je-hadzija-s-tiktoka-pod-krinkom-vjere-novac-gradana-trosio-na-kocku","status":"publish","type":"post","link":"https:\/\/modusportal.ba\/mojevijesti\/2026\/01\/15\/kako-je-hadzija-s-tiktoka-pod-krinkom-vjere-novac-gradana-trosio-na-kocku\/","title":{"rendered":"Kako je Had\u017eija s TikToka pod krinkom vjere novac gra\u0111ana tro\u0161io na kocku"},"content":{"rendered":"<p><\/p>\n<p><img loading=\"lazy\" decoding=\"async\" loading=\"lazy\" width=\"1024\" height=\"538\" src=\"https:\/\/cdn.fokus.ba\/wp-content\/uploads\/2026\/01\/alen-kotoric-1-1024x538.jpg\" class=\"attachment-large size-large wp-post-image\" alt=\"Alen Kotori\u0107\"><\/p>\n<p>Predstavljaju\u0107i se kao vjerski autoritet i humanitarac, Alen Kotori\u0107 je putem TikTok profila \u201cHad\u017eija\u201d mjesecima prikupljao novac od pratilaca \u0161irom svijeta, uvjeravaju\u0107i ih da poma\u017eu starijim osobama, samohranim majkama i siro\u010dadi. Novinari Detektora pokazuju da je dio donacija zavr\u0161io u kladionicama, \u0161to je Kotori\u0107 i priznao, a protiv njega je podnesena krivi\u010dna prijava zbog sumnje na prevaru<\/p>\n<p><a href=\"https:\/\/www.fokus.ba\/vijesti\/bih\/kako-je-hadzija-s-tiktoka-pod-krinkom-vjere-novac-gradjana-trosio-na-kocku\/3520213\/\">Fokus.ba <\/a><\/p>\n","protected":false},"excerpt":{"rendered":"<p>Predstavljaju\u0107i se kao vjerski autoritet i humanitarac, Alen Kotori\u0107 je putem TikTok profila \u201cHad\u017eija\u201d mjesecima prikupljao novac od pratilaca \u0161irom svijeta, uvjeravaju\u0107i ih da poma\u017eu starijim osobama, samohranim majkama i siro\u010dadi. Novinari Detektora pokazuju da je dio donacija zavr\u0161io u kladionicama, \u0161to je Kotori\u0107 i priznao, a protiv njega je podnesena krivi\u010dna prijava zbog sumnje [&hellip;]<\/p>\n","protected":false},"author":1,"featured_media":31221,"comment_status":"open","ping_status":"open","sticky":false,"template":"","format":"standard","meta":{"_siteseo_robots_primary_cat":"","footnotes":""},"categories":[],"tags":[],"class_list":["post-31220","post","type-post","status-publish","format-standard","has-post-thumbnail"],"_links":{"self":[{"href":"https:\/\/modusportal.ba\/mojevijesti\/wp-json\/wp\/v2\/posts\/31220","targetHints":{"allow":["GET"]}}],"collection":[{"href":"https:\/\/modusportal.ba\/mojevijesti\/wp-json\/wp\/v2\/posts"}],"about":[{"href":"https:\/\/modusportal.ba\/mojevijesti\/wp-json\/wp\/v2\/types\/post"}],"author":[{"embeddable":true,"href":"https:\/\/modusportal.ba\/mojevijesti\/wp-json\/wp\/v2\/users\/1"}],"replies":[{"embeddable":true,"href":"https:\/\/modusportal.ba\/mojevijesti\/wp-json\/wp\/v2\/comments?post=31220"}],"version-history":[{"count":0,"href":"https:\/\/modusportal.ba\/mojevijesti\/wp-json\/wp\/v2\/posts\/31220\/revisions"}],"wp:featuredmedia":[{"embeddable":true,"href":"https:\/\/modusportal.ba\/mojevijesti\/wp-json\/wp\/v2\/media\/31221"}],"wp:attachment":[{"href":"https:\/\/modusportal.ba\/mojevijesti\/wp-json\/wp\/v2\/media?parent=31220"}],"wp:term":[{"taxonomy":"category","embeddable":true,"href":"https:\/\/modusportal.ba\/mojevijesti\/wp-json\/wp\/v2\/categories?post=31220"},{"taxonomy":"post_tag","embeddable":true,"href":"https:\/\/modusportal.ba\/mojevijesti\/wp-json\/wp\/v2\/tags?post=31220"}],"curies":[{"name":"wp","href":"https:\/\/api.w.org\/{rel}","templated":true}]}}