{"id":31222,"date":"2026-01-15T20:27:48","date_gmt":"2026-01-15T20:27:48","guid":{"rendered":"https:\/\/modusportal.ba\/mojevijesti\/2026\/01\/15\/novi-amandmani-na-prijedlog-zakona-o-vstv-u-nemamo-dovoljan-broj-ljudi-koji-se-prijavljuje\/"},"modified":"2026-01-15T20:27:48","modified_gmt":"2026-01-15T20:27:48","slug":"novi-amandmani-na-prijedlog-zakona-o-vstv-u-nemamo-dovoljan-broj-ljudi-koji-se-prijavljuje","status":"publish","type":"post","link":"https:\/\/modusportal.ba\/mojevijesti\/2026\/01\/15\/novi-amandmani-na-prijedlog-zakona-o-vstv-u-nemamo-dovoljan-broj-ljudi-koji-se-prijavljuje\/","title":{"rendered":"Novi amandmani na Prijedlog zakona o VSTV-u: \u201cNemamo dovoljan broj ljudi koji se prijavljuje\u201d"},"content":{"rendered":"<p><\/p>\n<p><img loading=\"lazy\" decoding=\"async\" loading=\"lazy\" width=\"1024\" height=\"538\" src=\"https:\/\/cdn.fokus.ba\/wp-content\/uploads\/2025\/09\/sjednica-vstv-detektor-1024x538.jpg\" class=\"attachment-large size-large wp-post-image\" alt=\"sjednica vstv\"><\/p>\n<p>Predsjednik VSTV-a Sanin Boguni\u0107 u izjavama za medije je rekao da je Vije\u0107e utvrdilo 50 negativnih mi\u0161ljenja o zakonu<\/p>\n<p><a href=\"https:\/\/www.fokus.ba\/vijesti\/bih\/novi-amandmani-na-prijedlog-zakona-o-vstv-u-nemamo-dovoljan-broj-ljudi-koji-se-prijavljuje\/3520303\/\">Fokus.ba <\/a><\/p>\n","protected":false},"excerpt":{"rendered":"<p>Predsjednik VSTV-a Sanin Boguni\u0107 u izjavama za medije je rekao da je Vije\u0107e utvrdilo 50 negativnih mi\u0161ljenja o zakonu Fokus.ba<\/p>\n","protected":false},"author":1,"featured_media":0,"comment_status":"open","ping_status":"open","sticky":false,"template":"","format":"standard","meta":{"_siteseo_robots_primary_cat":"","footnotes":""},"categories":[],"tags":[],"class_list":["post-31222","post","type-post","status-publish","format-standard"],"_links":{"self":[{"href":"https:\/\/modusportal.ba\/mojevijesti\/wp-json\/wp\/v2\/posts\/31222","targetHints":{"allow":["GET"]}}],"collection":[{"href":"https:\/\/modusportal.ba\/mojevijesti\/wp-json\/wp\/v2\/posts"}],"about":[{"href":"https:\/\/modusportal.ba\/mojevijesti\/wp-json\/wp\/v2\/types\/post"}],"author":[{"embeddable":true,"href":"https:\/\/modusportal.ba\/mojevijesti\/wp-json\/wp\/v2\/users\/1"}],"replies":[{"embeddable":true,"href":"https:\/\/modusportal.ba\/mojevijesti\/wp-json\/wp\/v2\/comments?post=31222"}],"version-history":[{"count":0,"href":"https:\/\/modusportal.ba\/mojevijesti\/wp-json\/wp\/v2\/posts\/31222\/revisions"}],"wp:attachment":[{"href":"https:\/\/modusportal.ba\/mojevijesti\/wp-json\/wp\/v2\/media?parent=31222"}],"wp:term":[{"taxonomy":"category","embeddable":true,"href":"https:\/\/modusportal.ba\/mojevijesti\/wp-json\/wp\/v2\/categories?post=31222"},{"taxonomy":"post_tag","embeddable":true,"href":"https:\/\/modusportal.ba\/mojevijesti\/wp-json\/wp\/v2\/tags?post=31222"}],"curies":[{"name":"wp","href":"https:\/\/api.w.org\/{rel}","templated":true}]}}