{"id":31233,"date":"2026-01-17T08:44:00","date_gmt":"2026-01-17T08:44:00","guid":{"rendered":"https:\/\/modusportal.ba\/mojevijesti\/2026\/01\/17\/ustavni-sud-bih-moze-donijeti-odluku-kojom-ce-pomrsiti-racune-dodiku-i-ostalima\/"},"modified":"2026-01-17T08:44:00","modified_gmt":"2026-01-17T08:44:00","slug":"ustavni-sud-bih-moze-donijeti-odluku-kojom-ce-pomrsiti-racune-dodiku-i-ostalima","status":"publish","type":"post","link":"https:\/\/modusportal.ba\/mojevijesti\/2026\/01\/17\/ustavni-sud-bih-moze-donijeti-odluku-kojom-ce-pomrsiti-racune-dodiku-i-ostalima\/","title":{"rendered":"Ustavni sud BiH mo\u017ee donijeti odluku kojom \u0107e \u201cpomrsiti ra\u010dune\u201d Dodiku i ostalima"},"content":{"rendered":"<p><\/p>\n<p><img loading=\"lazy\" decoding=\"async\" loading=\"lazy\" width=\"1024\" height=\"538\" src=\"https:\/\/cdn.fokus.ba\/wp-content\/uploads\/2026\/01\/milorad-dodik-ustavni-sud-1024x538.webp\" class=\"attachment-large size-large wp-post-image\" alt=\"Milorad Dodik\"><\/p>\n<p>Nurko Pobri\u0107: Ustavni sud BiH mo\u017ee donijeti odluku koja za sobom povla\u010di posljedice. Osnovano je i pitanje ho\u0107e li nova Mini\u0107eva vlada biti ustavna<\/p>\n<p><a href=\"https:\/\/www.fokus.ba\/vijesti\/bih\/ustavni-sud-bih-moze-donijeti-odluku-kojom-ce-pomrsiti-racune-dodiku-i-ostalima\/3520514\/\">Fokus.ba <\/a><\/p>\n","protected":false},"excerpt":{"rendered":"<p>Nurko Pobri\u0107: Ustavni sud BiH mo\u017ee donijeti odluku koja za sobom povla\u010di posljedice. Osnovano je i pitanje ho\u0107e li nova Mini\u0107eva vlada biti ustavna Fokus.ba<\/p>\n","protected":false},"author":1,"featured_media":31234,"comment_status":"open","ping_status":"open","sticky":false,"template":"","format":"standard","meta":{"_siteseo_robots_primary_cat":"","footnotes":""},"categories":[],"tags":[],"class_list":["post-31233","post","type-post","status-publish","format-standard","has-post-thumbnail"],"_links":{"self":[{"href":"https:\/\/modusportal.ba\/mojevijesti\/wp-json\/wp\/v2\/posts\/31233","targetHints":{"allow":["GET"]}}],"collection":[{"href":"https:\/\/modusportal.ba\/mojevijesti\/wp-json\/wp\/v2\/posts"}],"about":[{"href":"https:\/\/modusportal.ba\/mojevijesti\/wp-json\/wp\/v2\/types\/post"}],"author":[{"embeddable":true,"href":"https:\/\/modusportal.ba\/mojevijesti\/wp-json\/wp\/v2\/users\/1"}],"replies":[{"embeddable":true,"href":"https:\/\/modusportal.ba\/mojevijesti\/wp-json\/wp\/v2\/comments?post=31233"}],"version-history":[{"count":0,"href":"https:\/\/modusportal.ba\/mojevijesti\/wp-json\/wp\/v2\/posts\/31233\/revisions"}],"wp:featuredmedia":[{"embeddable":true,"href":"https:\/\/modusportal.ba\/mojevijesti\/wp-json\/wp\/v2\/media\/31234"}],"wp:attachment":[{"href":"https:\/\/modusportal.ba\/mojevijesti\/wp-json\/wp\/v2\/media?parent=31233"}],"wp:term":[{"taxonomy":"category","embeddable":true,"href":"https:\/\/modusportal.ba\/mojevijesti\/wp-json\/wp\/v2\/categories?post=31233"},{"taxonomy":"post_tag","embeddable":true,"href":"https:\/\/modusportal.ba\/mojevijesti\/wp-json\/wp\/v2\/tags?post=31233"}],"curies":[{"name":"wp","href":"https:\/\/api.w.org\/{rel}","templated":true}]}}