{"id":31237,"date":"2026-01-17T20:50:19","date_gmt":"2026-01-17T20:50:19","guid":{"rendered":"https:\/\/modusportal.ba\/mojevijesti\/2026\/01\/17\/vukanovic-komentarisao-nove-ministre-minic-ne-zna-ni-procitati-imena-koja-su-mu-nametnuli\/"},"modified":"2026-01-17T20:50:19","modified_gmt":"2026-01-17T20:50:19","slug":"vukanovic-komentarisao-nove-ministre-minic-ne-zna-ni-procitati-imena-koja-su-mu-nametnuli","status":"publish","type":"post","link":"https:\/\/modusportal.ba\/mojevijesti\/2026\/01\/17\/vukanovic-komentarisao-nove-ministre-minic-ne-zna-ni-procitati-imena-koja-su-mu-nametnuli\/","title":{"rendered":"Vukanovi\u0107 komentarisao nove ministre: Mini\u0107 ne zna ni pro\u010ditati imena koja su mu nametnuli"},"content":{"rendered":"<p><\/p>\n<p><img loading=\"lazy\" decoding=\"async\" loading=\"lazy\" width=\"1024\" height=\"538\" src=\"https:\/\/cdn.fokus.ba\/wp-content\/uploads\/2025\/11\/nebojsa-vukanovic-1024x538.webp\" class=\"attachment-large size-large wp-post-image\" alt=\"Neboj\u0161a Vukanovi\u0107\"><\/p>\n<p>Uklanjanje Karana, smatra Vukanovi\u0107, je pokazatelj da je i Dodik od njega digao ruke i dobra odluka pred ponavljanje izbora<\/p>\n<p><a href=\"https:\/\/www.fokus.ba\/vijesti\/bih\/vukanovic-komentarisao-nove-ministre-minic-ne-zna-ni-procitati-imena-koja-su-mu-nametnuli\/3520616\/\">Fokus.ba <\/a><\/p>\n","protected":false},"excerpt":{"rendered":"<p>Uklanjanje Karana, smatra Vukanovi\u0107, je pokazatelj da je i Dodik od njega digao ruke i dobra odluka pred ponavljanje izbora Fokus.ba<\/p>\n","protected":false},"author":1,"featured_media":30714,"comment_status":"open","ping_status":"open","sticky":false,"template":"","format":"standard","meta":{"_siteseo_robots_primary_cat":"","footnotes":""},"categories":[],"tags":[],"class_list":["post-31237","post","type-post","status-publish","format-standard","has-post-thumbnail"],"_links":{"self":[{"href":"https:\/\/modusportal.ba\/mojevijesti\/wp-json\/wp\/v2\/posts\/31237","targetHints":{"allow":["GET"]}}],"collection":[{"href":"https:\/\/modusportal.ba\/mojevijesti\/wp-json\/wp\/v2\/posts"}],"about":[{"href":"https:\/\/modusportal.ba\/mojevijesti\/wp-json\/wp\/v2\/types\/post"}],"author":[{"embeddable":true,"href":"https:\/\/modusportal.ba\/mojevijesti\/wp-json\/wp\/v2\/users\/1"}],"replies":[{"embeddable":true,"href":"https:\/\/modusportal.ba\/mojevijesti\/wp-json\/wp\/v2\/comments?post=31237"}],"version-history":[{"count":0,"href":"https:\/\/modusportal.ba\/mojevijesti\/wp-json\/wp\/v2\/posts\/31237\/revisions"}],"wp:featuredmedia":[{"embeddable":true,"href":"https:\/\/modusportal.ba\/mojevijesti\/wp-json\/wp\/v2\/media\/30714"}],"wp:attachment":[{"href":"https:\/\/modusportal.ba\/mojevijesti\/wp-json\/wp\/v2\/media?parent=31237"}],"wp:term":[{"taxonomy":"category","embeddable":true,"href":"https:\/\/modusportal.ba\/mojevijesti\/wp-json\/wp\/v2\/categories?post=31237"},{"taxonomy":"post_tag","embeddable":true,"href":"https:\/\/modusportal.ba\/mojevijesti\/wp-json\/wp\/v2\/tags?post=31237"}],"curies":[{"name":"wp","href":"https:\/\/api.w.org\/{rel}","templated":true}]}}