{"id":31265,"date":"2026-01-21T15:25:13","date_gmt":"2026-01-21T15:25:13","guid":{"rendered":"https:\/\/modusportal.ba\/mojevijesti\/2026\/01\/21\/kantonalni-ministar-najvise-rashoda-na-plate-i-naknade-zaposlenih\/"},"modified":"2026-01-21T15:25:13","modified_gmt":"2026-01-21T15:25:13","slug":"kantonalni-ministar-najvise-rashoda-na-plate-i-naknade-zaposlenih","status":"publish","type":"post","link":"https:\/\/modusportal.ba\/mojevijesti\/2026\/01\/21\/kantonalni-ministar-najvise-rashoda-na-plate-i-naknade-zaposlenih\/","title":{"rendered":"Kantonalni ministar: Najvi\u0161e rashoda na plate i naknade zaposlenih"},"content":{"rendered":"<p><\/p>\n<p><img loading=\"lazy\" decoding=\"async\" loading=\"lazy\" width=\"1024\" height=\"538\" src=\"https:\/\/cdn.fokus.ba\/wp-content\/uploads\/2026\/01\/nedim-colo-1-1024x538.jpg\" class=\"attachment-large size-large wp-post-image\" alt=\"Nedim \u010colo\"><\/p>\n<p>U bud\u017eetu BPK Gora\u017ede najvi\u0161e prihoda se o\u010dekuje od PDV-a, najvi\u0161e rashoda na plate<\/p>\n<p><a href=\"https:\/\/www.fokus.ba\/vijesti\/bih\/kantonalni-ministar-najvise-rashoda-na-plate-i-naknade-zaposlenih\/3521378\/\">Fokus.ba <\/a><\/p>\n","protected":false},"excerpt":{"rendered":"<p>U bud\u017eetu BPK Gora\u017ede najvi\u0161e prihoda se o\u010dekuje od PDV-a, najvi\u0161e rashoda na plate Fokus.ba<\/p>\n","protected":false},"author":1,"featured_media":0,"comment_status":"open","ping_status":"open","sticky":false,"template":"","format":"standard","meta":{"_siteseo_robots_primary_cat":"","footnotes":""},"categories":[],"tags":[],"class_list":["post-31265","post","type-post","status-publish","format-standard"],"_links":{"self":[{"href":"https:\/\/modusportal.ba\/mojevijesti\/wp-json\/wp\/v2\/posts\/31265","targetHints":{"allow":["GET"]}}],"collection":[{"href":"https:\/\/modusportal.ba\/mojevijesti\/wp-json\/wp\/v2\/posts"}],"about":[{"href":"https:\/\/modusportal.ba\/mojevijesti\/wp-json\/wp\/v2\/types\/post"}],"author":[{"embeddable":true,"href":"https:\/\/modusportal.ba\/mojevijesti\/wp-json\/wp\/v2\/users\/1"}],"replies":[{"embeddable":true,"href":"https:\/\/modusportal.ba\/mojevijesti\/wp-json\/wp\/v2\/comments?post=31265"}],"version-history":[{"count":0,"href":"https:\/\/modusportal.ba\/mojevijesti\/wp-json\/wp\/v2\/posts\/31265\/revisions"}],"wp:attachment":[{"href":"https:\/\/modusportal.ba\/mojevijesti\/wp-json\/wp\/v2\/media?parent=31265"}],"wp:term":[{"taxonomy":"category","embeddable":true,"href":"https:\/\/modusportal.ba\/mojevijesti\/wp-json\/wp\/v2\/categories?post=31265"},{"taxonomy":"post_tag","embeddable":true,"href":"https:\/\/modusportal.ba\/mojevijesti\/wp-json\/wp\/v2\/tags?post=31265"}],"curies":[{"name":"wp","href":"https:\/\/api.w.org\/{rel}","templated":true}]}}