{"id":31282,"date":"2026-01-23T22:20:54","date_gmt":"2026-01-23T22:20:54","guid":{"rendered":"https:\/\/modusportal.ba\/mojevijesti\/2026\/01\/23\/cudic-morat-cemo-poceti-naplacivati-ulazak-vozilima-u-centar-grada\/"},"modified":"2026-01-23T22:20:54","modified_gmt":"2026-01-23T22:20:54","slug":"cudic-morat-cemo-poceti-naplacivati-ulazak-vozilima-u-centar-grada","status":"publish","type":"post","link":"https:\/\/modusportal.ba\/mojevijesti\/2026\/01\/23\/cudic-morat-cemo-poceti-naplacivati-ulazak-vozilima-u-centar-grada\/","title":{"rendered":"\u0106udi\u0107: Morat \u0107emo po\u010deti napla\u0107ivati ulazak vozilima u centar grada"},"content":{"rendered":"<p><\/p>\n<p><img loading=\"lazy\" decoding=\"async\" loading=\"lazy\" width=\"1024\" height=\"538\" src=\"https:\/\/cdn.fokus.ba\/wp-content\/uploads\/2026\/01\/sabina-cudic-1024x538.webp\" class=\"attachment-large size-large wp-post-image\" alt=\"Sabina \u0106udi\u0107\"><\/p>\n<p>Morat \u0107emo povla\u010diti poteze koji ne\u0107e biti popularni, poput naplate posebnih tarifa za ulazak vozilima u centar grada, izjavila je Sabina \u0106udi\u0107<\/p>\n<p><a href=\"https:\/\/www.fokus.ba\/vijesti\/bih\/cudic-morat-cemo-poceti-naplacivati-ulazak-vozilima-u-centar-grada\/3521887\/\">Fokus.ba <\/a><\/p>\n","protected":false},"excerpt":{"rendered":"<p>Morat \u0107emo povla\u010diti poteze koji ne\u0107e biti popularni, poput naplate posebnih tarifa za ulazak vozilima u centar grada, izjavila je Sabina \u0106udi\u0107 Fokus.ba<\/p>\n","protected":false},"author":1,"featured_media":31283,"comment_status":"open","ping_status":"open","sticky":false,"template":"","format":"standard","meta":{"_siteseo_robots_primary_cat":"","footnotes":""},"categories":[],"tags":[],"class_list":["post-31282","post","type-post","status-publish","format-standard","has-post-thumbnail"],"_links":{"self":[{"href":"https:\/\/modusportal.ba\/mojevijesti\/wp-json\/wp\/v2\/posts\/31282","targetHints":{"allow":["GET"]}}],"collection":[{"href":"https:\/\/modusportal.ba\/mojevijesti\/wp-json\/wp\/v2\/posts"}],"about":[{"href":"https:\/\/modusportal.ba\/mojevijesti\/wp-json\/wp\/v2\/types\/post"}],"author":[{"embeddable":true,"href":"https:\/\/modusportal.ba\/mojevijesti\/wp-json\/wp\/v2\/users\/1"}],"replies":[{"embeddable":true,"href":"https:\/\/modusportal.ba\/mojevijesti\/wp-json\/wp\/v2\/comments?post=31282"}],"version-history":[{"count":0,"href":"https:\/\/modusportal.ba\/mojevijesti\/wp-json\/wp\/v2\/posts\/31282\/revisions"}],"wp:featuredmedia":[{"embeddable":true,"href":"https:\/\/modusportal.ba\/mojevijesti\/wp-json\/wp\/v2\/media\/31283"}],"wp:attachment":[{"href":"https:\/\/modusportal.ba\/mojevijesti\/wp-json\/wp\/v2\/media?parent=31282"}],"wp:term":[{"taxonomy":"category","embeddable":true,"href":"https:\/\/modusportal.ba\/mojevijesti\/wp-json\/wp\/v2\/categories?post=31282"},{"taxonomy":"post_tag","embeddable":true,"href":"https:\/\/modusportal.ba\/mojevijesti\/wp-json\/wp\/v2\/tags?post=31282"}],"curies":[{"name":"wp","href":"https:\/\/api.w.org\/{rel}","templated":true}]}}