{"id":31291,"date":"2026-01-25T04:37:59","date_gmt":"2026-01-25T04:37:59","guid":{"rendered":"https:\/\/modusportal.ba\/mojevijesti\/2026\/01\/25\/sds-ne-izlazi-na-prijevremene-izbore-za-predsjednika-rs-a\/"},"modified":"2026-01-25T04:37:59","modified_gmt":"2026-01-25T04:37:59","slug":"sds-ne-izlazi-na-prijevremene-izbore-za-predsjednika-rs-a","status":"publish","type":"post","link":"https:\/\/modusportal.ba\/mojevijesti\/2026\/01\/25\/sds-ne-izlazi-na-prijevremene-izbore-za-predsjednika-rs-a\/","title":{"rendered":"SDS ne izlazi na prijevremene izbore za predsjednika RS-a?"},"content":{"rendered":"<p><\/p>\n<p><img loading=\"lazy\" decoding=\"async\" loading=\"lazy\" width=\"1024\" height=\"538\" src=\"https:\/\/cdn.fokus.ba\/wp-content\/uploads\/2026\/01\/sds-1024x538.webp\" class=\"attachment-large size-large wp-post-image\" alt=\"SDS razmatra mogu\u0107nost da bojkotuje ponovljene izbore za predsjednika RS\"><\/p>\n<p>Potpredsjednik SDS-a \u017delimir Ne\u0161kovi\u0107 izjavio je da \u0107e kona\u010dna odluka ove stranke biti donesena nakon odgovora CIK-a na dopise i \u017ealbe koje je SDS uputio toj instituciji<\/p>\n<p><a href=\"https:\/\/www.fokus.ba\/vijesti\/bih\/sds-ne-izlazi-na-prijevremene-izbore-za-predsjednika-rs-a\/3521975\/\">Fokus.ba <\/a><\/p>\n","protected":false},"excerpt":{"rendered":"<p>Potpredsjednik SDS-a \u017delimir Ne\u0161kovi\u0107 izjavio je da \u0107e kona\u010dna odluka ove stranke biti donesena nakon odgovora CIK-a na dopise i \u017ealbe koje je SDS uputio toj instituciji Fokus.ba<\/p>\n","protected":false},"author":1,"featured_media":31292,"comment_status":"open","ping_status":"open","sticky":false,"template":"","format":"standard","meta":{"_siteseo_robots_primary_cat":"","footnotes":""},"categories":[],"tags":[],"class_list":["post-31291","post","type-post","status-publish","format-standard","has-post-thumbnail"],"_links":{"self":[{"href":"https:\/\/modusportal.ba\/mojevijesti\/wp-json\/wp\/v2\/posts\/31291","targetHints":{"allow":["GET"]}}],"collection":[{"href":"https:\/\/modusportal.ba\/mojevijesti\/wp-json\/wp\/v2\/posts"}],"about":[{"href":"https:\/\/modusportal.ba\/mojevijesti\/wp-json\/wp\/v2\/types\/post"}],"author":[{"embeddable":true,"href":"https:\/\/modusportal.ba\/mojevijesti\/wp-json\/wp\/v2\/users\/1"}],"replies":[{"embeddable":true,"href":"https:\/\/modusportal.ba\/mojevijesti\/wp-json\/wp\/v2\/comments?post=31291"}],"version-history":[{"count":0,"href":"https:\/\/modusportal.ba\/mojevijesti\/wp-json\/wp\/v2\/posts\/31291\/revisions"}],"wp:featuredmedia":[{"embeddable":true,"href":"https:\/\/modusportal.ba\/mojevijesti\/wp-json\/wp\/v2\/media\/31292"}],"wp:attachment":[{"href":"https:\/\/modusportal.ba\/mojevijesti\/wp-json\/wp\/v2\/media?parent=31291"}],"wp:term":[{"taxonomy":"category","embeddable":true,"href":"https:\/\/modusportal.ba\/mojevijesti\/wp-json\/wp\/v2\/categories?post=31291"},{"taxonomy":"post_tag","embeddable":true,"href":"https:\/\/modusportal.ba\/mojevijesti\/wp-json\/wp\/v2\/tags?post=31291"}],"curies":[{"name":"wp","href":"https:\/\/api.w.org\/{rel}","templated":true}]}}