{"id":31293,"date":"2026-01-25T10:39:42","date_gmt":"2026-01-25T10:39:42","guid":{"rendered":"https:\/\/modusportal.ba\/mojevijesti\/2026\/01\/25\/izvjestaj-ve-u-potpunosti-demontira-politiku-milorada-dodika\/"},"modified":"2026-01-25T10:39:42","modified_gmt":"2026-01-25T10:39:42","slug":"izvjestaj-ve-u-potpunosti-demontira-politiku-milorada-dodika","status":"publish","type":"post","link":"https:\/\/modusportal.ba\/mojevijesti\/2026\/01\/25\/izvjestaj-ve-u-potpunosti-demontira-politiku-milorada-dodika\/","title":{"rendered":"Izvje\u0161taj VE u potpunosti demontira politiku Milorada Dodika"},"content":{"rendered":"<p><\/p>\n<p><img loading=\"lazy\" decoding=\"async\" loading=\"lazy\" width=\"1024\" height=\"538\" src=\"https:\/\/cdn.fokus.ba\/wp-content\/uploads\/2025\/12\/magazinovic-dodik-1024x538.webp\" class=\"attachment-large size-large wp-post-image\" alt=\"Sa\u0161a Magazinovi\u0107 i Milorad Dodik\"><\/p>\n<p>O izvje\u0161taju \u0107e se idu\u0107e sedmice u Strazburu izjasniti predstavnici zemalja \u010dlanica, a Magazinovi\u0107 je dao komentar na neke segmente tog dokumenta<\/p>\n<p><a href=\"https:\/\/www.fokus.ba\/vijesti\/bih\/izvjestaj-ve-u-potpunosti-demontira-politiku-milorada-dodika\/3522075\/\">Fokus.ba <\/a><\/p>\n","protected":false},"excerpt":{"rendered":"<p>O izvje\u0161taju \u0107e se idu\u0107e sedmice u Strazburu izjasniti predstavnici zemalja \u010dlanica, a Magazinovi\u0107 je dao komentar na neke segmente tog dokumenta Fokus.ba<\/p>\n","protected":false},"author":1,"featured_media":31294,"comment_status":"open","ping_status":"open","sticky":false,"template":"","format":"standard","meta":{"_siteseo_robots_primary_cat":"","footnotes":""},"categories":[],"tags":[],"class_list":["post-31293","post","type-post","status-publish","format-standard","has-post-thumbnail"],"_links":{"self":[{"href":"https:\/\/modusportal.ba\/mojevijesti\/wp-json\/wp\/v2\/posts\/31293","targetHints":{"allow":["GET"]}}],"collection":[{"href":"https:\/\/modusportal.ba\/mojevijesti\/wp-json\/wp\/v2\/posts"}],"about":[{"href":"https:\/\/modusportal.ba\/mojevijesti\/wp-json\/wp\/v2\/types\/post"}],"author":[{"embeddable":true,"href":"https:\/\/modusportal.ba\/mojevijesti\/wp-json\/wp\/v2\/users\/1"}],"replies":[{"embeddable":true,"href":"https:\/\/modusportal.ba\/mojevijesti\/wp-json\/wp\/v2\/comments?post=31293"}],"version-history":[{"count":0,"href":"https:\/\/modusportal.ba\/mojevijesti\/wp-json\/wp\/v2\/posts\/31293\/revisions"}],"wp:featuredmedia":[{"embeddable":true,"href":"https:\/\/modusportal.ba\/mojevijesti\/wp-json\/wp\/v2\/media\/31294"}],"wp:attachment":[{"href":"https:\/\/modusportal.ba\/mojevijesti\/wp-json\/wp\/v2\/media?parent=31293"}],"wp:term":[{"taxonomy":"category","embeddable":true,"href":"https:\/\/modusportal.ba\/mojevijesti\/wp-json\/wp\/v2\/categories?post=31293"},{"taxonomy":"post_tag","embeddable":true,"href":"https:\/\/modusportal.ba\/mojevijesti\/wp-json\/wp\/v2\/tags?post=31293"}],"curies":[{"name":"wp","href":"https:\/\/api.w.org\/{rel}","templated":true}]}}