{"id":31295,"date":"2026-01-25T16:40:48","date_gmt":"2026-01-25T16:40:48","guid":{"rendered":"https:\/\/modusportal.ba\/mojevijesti\/2026\/01\/25\/milorada-dodika-pitali-da-li-je-gazda-republike-srpske\/"},"modified":"2026-01-25T16:40:48","modified_gmt":"2026-01-25T16:40:48","slug":"milorada-dodika-pitali-da-li-je-gazda-republike-srpske","status":"publish","type":"post","link":"https:\/\/modusportal.ba\/mojevijesti\/2026\/01\/25\/milorada-dodika-pitali-da-li-je-gazda-republike-srpske\/","title":{"rendered":"Milorada Dodika pitali da li je gazda Republike Srpske"},"content":{"rendered":"<p><\/p>\n<p><img loading=\"lazy\" decoding=\"async\" loading=\"lazy\" width=\"1024\" height=\"538\" src=\"https:\/\/cdn.fokus.ba\/wp-content\/uploads\/2025\/07\/milorad-dodik-i-zeljka-cvijanovic-1024x538.jpg\" class=\"attachment-large size-large wp-post-image\" alt=\"Milorad Dodik i \u017deljka Cvijanovi\u0107\"><\/p>\n<p>&#8220;To bi neko drugi trebalo da ka\u017ee, ali po\u0161to me svaki dan tra\u017ee i pitaju da rje\u0161avam probleme, ispada da je to nezaobilazno&#8221;, odgovorio je Dodik<\/p>\n<p><a href=\"https:\/\/www.fokus.ba\/vijesti\/bih\/milorada-dodika-pitali-da-li-je-gazda-republike-srpske\/3522133\/\">Fokus.ba <\/a><\/p>\n","protected":false},"excerpt":{"rendered":"<p>&#8220;To bi neko drugi trebalo da ka\u017ee, ali po\u0161to me svaki dan tra\u017ee i pitaju da rje\u0161avam probleme, ispada da je to nezaobilazno&#8221;, odgovorio je Dodik Fokus.ba<\/p>\n","protected":false},"author":1,"featured_media":31296,"comment_status":"open","ping_status":"open","sticky":false,"template":"","format":"standard","meta":{"_siteseo_robots_primary_cat":"","footnotes":""},"categories":[],"tags":[],"class_list":["post-31295","post","type-post","status-publish","format-standard","has-post-thumbnail"],"_links":{"self":[{"href":"https:\/\/modusportal.ba\/mojevijesti\/wp-json\/wp\/v2\/posts\/31295","targetHints":{"allow":["GET"]}}],"collection":[{"href":"https:\/\/modusportal.ba\/mojevijesti\/wp-json\/wp\/v2\/posts"}],"about":[{"href":"https:\/\/modusportal.ba\/mojevijesti\/wp-json\/wp\/v2\/types\/post"}],"author":[{"embeddable":true,"href":"https:\/\/modusportal.ba\/mojevijesti\/wp-json\/wp\/v2\/users\/1"}],"replies":[{"embeddable":true,"href":"https:\/\/modusportal.ba\/mojevijesti\/wp-json\/wp\/v2\/comments?post=31295"}],"version-history":[{"count":0,"href":"https:\/\/modusportal.ba\/mojevijesti\/wp-json\/wp\/v2\/posts\/31295\/revisions"}],"wp:featuredmedia":[{"embeddable":true,"href":"https:\/\/modusportal.ba\/mojevijesti\/wp-json\/wp\/v2\/media\/31296"}],"wp:attachment":[{"href":"https:\/\/modusportal.ba\/mojevijesti\/wp-json\/wp\/v2\/media?parent=31295"}],"wp:term":[{"taxonomy":"category","embeddable":true,"href":"https:\/\/modusportal.ba\/mojevijesti\/wp-json\/wp\/v2\/categories?post=31295"},{"taxonomy":"post_tag","embeddable":true,"href":"https:\/\/modusportal.ba\/mojevijesti\/wp-json\/wp\/v2\/tags?post=31295"}],"curies":[{"name":"wp","href":"https:\/\/api.w.org\/{rel}","templated":true}]}}