{"id":31309,"date":"2026-01-27T10:56:07","date_gmt":"2026-01-27T10:56:07","guid":{"rendered":"https:\/\/modusportal.ba\/mojevijesti\/2026\/01\/27\/crnadak-zestoko-kritikovao-vlast-rs-izjava-sanje-vulic-najbolje-opisuje-sta-je-snsd\/"},"modified":"2026-01-27T10:56:07","modified_gmt":"2026-01-27T10:56:07","slug":"crnadak-zestoko-kritikovao-vlast-rs-izjava-sanje-vulic-najbolje-opisuje-sta-je-snsd","status":"publish","type":"post","link":"https:\/\/modusportal.ba\/mojevijesti\/2026\/01\/27\/crnadak-zestoko-kritikovao-vlast-rs-izjava-sanje-vulic-najbolje-opisuje-sta-je-snsd\/","title":{"rendered":"Crnadak \u017eestoko kritikovao vlast RS: Izjava Sanje Vuli\u0107 najbolje opisuje \u0161ta je SNSD"},"content":{"rendered":"<p><\/p>\n<p><img loading=\"lazy\" decoding=\"async\" loading=\"lazy\" width=\"1024\" height=\"538\" src=\"https:\/\/cdn.fokus.ba\/wp-content\/uploads\/2026\/01\/vulic-crnadak-1024x538.webp\" class=\"attachment-large size-large wp-post-image\" alt=\"Igor Crnadak i Sanja Vuli\u0107\"><\/p>\n<p>Crnadak je posebno kritikovao odnos Vlade Republike Srpske, premijera Mini\u0107a i zastupnice Sanje Vuli\u0107 prema mljekarima, koji su, kako ka\u017ee, dovedeni u izuzetno te\u017eak polo\u017eaj<\/p>\n<p><a href=\"https:\/\/www.fokus.ba\/vijesti\/bih\/crnadak-zestoko-kritikovao-vlast-rs-izjava-sanje-vulic-najbolje-opisuje-sta-je-snsd\/3522453\/\">Fokus.ba <\/a><\/p>\n","protected":false},"excerpt":{"rendered":"<p>Crnadak je posebno kritikovao odnos Vlade Republike Srpske, premijera Mini\u0107a i zastupnice Sanje Vuli\u0107 prema mljekarima, koji su, kako ka\u017ee, dovedeni u izuzetno te\u017eak polo\u017eaj Fokus.ba<\/p>\n","protected":false},"author":1,"featured_media":31310,"comment_status":"open","ping_status":"open","sticky":false,"template":"","format":"standard","meta":{"_siteseo_robots_primary_cat":"","footnotes":""},"categories":[],"tags":[],"class_list":["post-31309","post","type-post","status-publish","format-standard","has-post-thumbnail"],"_links":{"self":[{"href":"https:\/\/modusportal.ba\/mojevijesti\/wp-json\/wp\/v2\/posts\/31309","targetHints":{"allow":["GET"]}}],"collection":[{"href":"https:\/\/modusportal.ba\/mojevijesti\/wp-json\/wp\/v2\/posts"}],"about":[{"href":"https:\/\/modusportal.ba\/mojevijesti\/wp-json\/wp\/v2\/types\/post"}],"author":[{"embeddable":true,"href":"https:\/\/modusportal.ba\/mojevijesti\/wp-json\/wp\/v2\/users\/1"}],"replies":[{"embeddable":true,"href":"https:\/\/modusportal.ba\/mojevijesti\/wp-json\/wp\/v2\/comments?post=31309"}],"version-history":[{"count":0,"href":"https:\/\/modusportal.ba\/mojevijesti\/wp-json\/wp\/v2\/posts\/31309\/revisions"}],"wp:featuredmedia":[{"embeddable":true,"href":"https:\/\/modusportal.ba\/mojevijesti\/wp-json\/wp\/v2\/media\/31310"}],"wp:attachment":[{"href":"https:\/\/modusportal.ba\/mojevijesti\/wp-json\/wp\/v2\/media?parent=31309"}],"wp:term":[{"taxonomy":"category","embeddable":true,"href":"https:\/\/modusportal.ba\/mojevijesti\/wp-json\/wp\/v2\/categories?post=31309"},{"taxonomy":"post_tag","embeddable":true,"href":"https:\/\/modusportal.ba\/mojevijesti\/wp-json\/wp\/v2\/tags?post=31309"}],"curies":[{"name":"wp","href":"https:\/\/api.w.org\/{rel}","templated":true}]}}