{"id":31327,"date":"2026-01-29T17:12:10","date_gmt":"2026-01-29T17:12:10","guid":{"rendered":"https:\/\/modusportal.ba\/mojevijesti\/2026\/01\/29\/stasa-kosarac-uputio-apel-eu-prijeti-protestima-ako-ga-ne-ispune\/"},"modified":"2026-01-29T17:12:10","modified_gmt":"2026-01-29T17:12:10","slug":"stasa-kosarac-uputio-apel-eu-prijeti-protestima-ako-ga-ne-ispune","status":"publish","type":"post","link":"https:\/\/modusportal.ba\/mojevijesti\/2026\/01\/29\/stasa-kosarac-uputio-apel-eu-prijeti-protestima-ako-ga-ne-ispune\/","title":{"rendered":"Sta\u0161a Ko\u0161arac uputio apel EU, prijeti protestima ako ga ne ispune"},"content":{"rendered":"<p><\/p>\n<p><img loading=\"lazy\" decoding=\"async\" loading=\"lazy\" width=\"1024\" height=\"538\" src=\"https:\/\/cdn.fokus.ba\/wp-content\/uploads\/2026\/01\/stasa-kosarac-1024x538.jpg\" class=\"attachment-large size-large wp-post-image\" alt=\"Sta\u0161a Ko\u0161arac\"><\/p>\n<p>Uputio je apel EU da suspenduje ETIAS, a ako to ne urade, Sta\u0161a Ko\u0161arac ka\u017ee da su jedino rje\u0161enje protesti ispred Delegacije EU u BiH<\/p>\n<p><a href=\"https:\/\/www.fokus.ba\/vijesti\/bih\/stasa-kosarac-uputio-apel-eu-ako-ga-ne-ispune-prijeti-protestima\/3524240\/\">Fokus.ba <\/a><\/p>\n","protected":false},"excerpt":{"rendered":"<p>Uputio je apel EU da suspenduje ETIAS, a ako to ne urade, Sta\u0161a Ko\u0161arac ka\u017ee da su jedino rje\u0161enje protesti ispred Delegacije EU u BiH Fokus.ba<\/p>\n","protected":false},"author":1,"featured_media":0,"comment_status":"open","ping_status":"open","sticky":false,"template":"","format":"standard","meta":{"_siteseo_robots_primary_cat":"","footnotes":""},"categories":[],"tags":[],"class_list":["post-31327","post","type-post","status-publish","format-standard"],"_links":{"self":[{"href":"https:\/\/modusportal.ba\/mojevijesti\/wp-json\/wp\/v2\/posts\/31327","targetHints":{"allow":["GET"]}}],"collection":[{"href":"https:\/\/modusportal.ba\/mojevijesti\/wp-json\/wp\/v2\/posts"}],"about":[{"href":"https:\/\/modusportal.ba\/mojevijesti\/wp-json\/wp\/v2\/types\/post"}],"author":[{"embeddable":true,"href":"https:\/\/modusportal.ba\/mojevijesti\/wp-json\/wp\/v2\/users\/1"}],"replies":[{"embeddable":true,"href":"https:\/\/modusportal.ba\/mojevijesti\/wp-json\/wp\/v2\/comments?post=31327"}],"version-history":[{"count":0,"href":"https:\/\/modusportal.ba\/mojevijesti\/wp-json\/wp\/v2\/posts\/31327\/revisions"}],"wp:attachment":[{"href":"https:\/\/modusportal.ba\/mojevijesti\/wp-json\/wp\/v2\/media?parent=31327"}],"wp:term":[{"taxonomy":"category","embeddable":true,"href":"https:\/\/modusportal.ba\/mojevijesti\/wp-json\/wp\/v2\/categories?post=31327"},{"taxonomy":"post_tag","embeddable":true,"href":"https:\/\/modusportal.ba\/mojevijesti\/wp-json\/wp\/v2\/tags?post=31327"}],"curies":[{"name":"wp","href":"https:\/\/api.w.org\/{rel}","templated":true}]}}