{"id":31369,"date":"2026-02-04T00:07:53","date_gmt":"2026-02-04T00:07:53","guid":{"rendered":"https:\/\/modusportal.ba\/mojevijesti\/2026\/02\/04\/afera-teska-milijardu-eura-trese-rumuniju-u-centru-skandala-firma-iz-bih\/"},"modified":"2026-02-04T00:07:53","modified_gmt":"2026-02-04T00:07:53","slug":"afera-teska-milijardu-eura-trese-rumuniju-u-centru-skandala-firma-iz-bih","status":"publish","type":"post","link":"https:\/\/modusportal.ba\/mojevijesti\/2026\/02\/04\/afera-teska-milijardu-eura-trese-rumuniju-u-centru-skandala-firma-iz-bih\/","title":{"rendered":"Afera te\u0161ka milijardu eura trese Rumuniju, u centru skandala firma iz BiH"},"content":{"rendered":"<p><\/p>\n<p><img loading=\"lazy\" decoding=\"async\" loading=\"lazy\" width=\"1024\" height=\"538\" src=\"https:\/\/cdn.fokus.ba\/wp-content\/uploads\/2026\/02\/gradiliste-radnici-1024x538.jpg\" class=\"attachment-large size-large wp-post-image\" alt=\"radnici gradiliste gradjevina\"><\/p>\n<p>Ono \u0161to je sporno je da se kompanija Integral In\u017eenjering na\u0161la u poslu za koji tvrdi da nije ni konkurisala<\/p>\n<p><a href=\"https:\/\/www.fokus.ba\/vijesti\/bih\/afera-teska-milijardu-eura-trese-rumuniju-u-centru-skandala-firma-iz-bih\/3526128\/\">Fokus.ba <\/a><\/p>\n","protected":false},"excerpt":{"rendered":"<p>Ono \u0161to je sporno je da se kompanija Integral In\u017eenjering na\u0161la u poslu za koji tvrdi da nije ni konkurisala Fokus.ba<\/p>\n","protected":false},"author":1,"featured_media":0,"comment_status":"open","ping_status":"open","sticky":false,"template":"","format":"standard","meta":{"_siteseo_robots_primary_cat":"","footnotes":""},"categories":[],"tags":[],"class_list":["post-31369","post","type-post","status-publish","format-standard"],"_links":{"self":[{"href":"https:\/\/modusportal.ba\/mojevijesti\/wp-json\/wp\/v2\/posts\/31369","targetHints":{"allow":["GET"]}}],"collection":[{"href":"https:\/\/modusportal.ba\/mojevijesti\/wp-json\/wp\/v2\/posts"}],"about":[{"href":"https:\/\/modusportal.ba\/mojevijesti\/wp-json\/wp\/v2\/types\/post"}],"author":[{"embeddable":true,"href":"https:\/\/modusportal.ba\/mojevijesti\/wp-json\/wp\/v2\/users\/1"}],"replies":[{"embeddable":true,"href":"https:\/\/modusportal.ba\/mojevijesti\/wp-json\/wp\/v2\/comments?post=31369"}],"version-history":[{"count":0,"href":"https:\/\/modusportal.ba\/mojevijesti\/wp-json\/wp\/v2\/posts\/31369\/revisions"}],"wp:attachment":[{"href":"https:\/\/modusportal.ba\/mojevijesti\/wp-json\/wp\/v2\/media?parent=31369"}],"wp:term":[{"taxonomy":"category","embeddable":true,"href":"https:\/\/modusportal.ba\/mojevijesti\/wp-json\/wp\/v2\/categories?post=31369"},{"taxonomy":"post_tag","embeddable":true,"href":"https:\/\/modusportal.ba\/mojevijesti\/wp-json\/wp\/v2\/tags?post=31369"}],"curies":[{"name":"wp","href":"https:\/\/api.w.org\/{rel}","templated":true}]}}