{"id":31391,"date":"2026-02-06T18:43:41","date_gmt":"2026-02-06T18:43:41","guid":{"rendered":"https:\/\/modusportal.ba\/mojevijesti\/2026\/02\/06\/meteorolog-otkrio-kada-se-vraca-zima-tada-se-ocekuje-prodor-hladne-zracne-mase\/"},"modified":"2026-02-06T18:43:41","modified_gmt":"2026-02-06T18:43:41","slug":"meteorolog-otkrio-kada-se-vraca-zima-tada-se-ocekuje-prodor-hladne-zracne-mase","status":"publish","type":"post","link":"https:\/\/modusportal.ba\/mojevijesti\/2026\/02\/06\/meteorolog-otkrio-kada-se-vraca-zima-tada-se-ocekuje-prodor-hladne-zracne-mase\/","title":{"rendered":"Meteorolog otkrio kada se vra\u0107a zima: \u201cTada se o\u010dekuje prodor hladne zra\u010dne mase\u201d"},"content":{"rendered":"<p><\/p>\n<p><img loading=\"lazy\" decoding=\"async\" loading=\"lazy\" width=\"1024\" height=\"538\" src=\"https:\/\/cdn.fokus.ba\/wp-content\/uploads\/2026\/02\/sarajevo-vrijeme-1024x538.webp\" class=\"attachment-large size-large wp-post-image\" alt=\"Zimski sun\u010dani dan u Sarajevu\"><\/p>\n<p>Meteorolog Federalnog hidrometeorolo\u0161kog zavoda Bakir Krajinovi\u0107 otkrio je kada nam sti\u017ee prodor hladnijeg vazduha<\/p>\n<p><a href=\"https:\/\/www.fokus.ba\/vijesti\/bih\/meteorolog-otkrio-kada-se-vraca-zima-tada-se-ocekuje-prodor-hladne-zracne-mase\/3526966\/\">Fokus.ba <\/a><\/p>\n","protected":false},"excerpt":{"rendered":"<p>Meteorolog Federalnog hidrometeorolo\u0161kog zavoda Bakir Krajinovi\u0107 otkrio je kada nam sti\u017ee prodor hladnijeg vazduha Fokus.ba<\/p>\n","protected":false},"author":1,"featured_media":31392,"comment_status":"open","ping_status":"open","sticky":false,"template":"","format":"standard","meta":{"_siteseo_robots_primary_cat":"","footnotes":""},"categories":[],"tags":[],"class_list":["post-31391","post","type-post","status-publish","format-standard","has-post-thumbnail"],"_links":{"self":[{"href":"https:\/\/modusportal.ba\/mojevijesti\/wp-json\/wp\/v2\/posts\/31391","targetHints":{"allow":["GET"]}}],"collection":[{"href":"https:\/\/modusportal.ba\/mojevijesti\/wp-json\/wp\/v2\/posts"}],"about":[{"href":"https:\/\/modusportal.ba\/mojevijesti\/wp-json\/wp\/v2\/types\/post"}],"author":[{"embeddable":true,"href":"https:\/\/modusportal.ba\/mojevijesti\/wp-json\/wp\/v2\/users\/1"}],"replies":[{"embeddable":true,"href":"https:\/\/modusportal.ba\/mojevijesti\/wp-json\/wp\/v2\/comments?post=31391"}],"version-history":[{"count":0,"href":"https:\/\/modusportal.ba\/mojevijesti\/wp-json\/wp\/v2\/posts\/31391\/revisions"}],"wp:featuredmedia":[{"embeddable":true,"href":"https:\/\/modusportal.ba\/mojevijesti\/wp-json\/wp\/v2\/media\/31392"}],"wp:attachment":[{"href":"https:\/\/modusportal.ba\/mojevijesti\/wp-json\/wp\/v2\/media?parent=31391"}],"wp:term":[{"taxonomy":"category","embeddable":true,"href":"https:\/\/modusportal.ba\/mojevijesti\/wp-json\/wp\/v2\/categories?post=31391"},{"taxonomy":"post_tag","embeddable":true,"href":"https:\/\/modusportal.ba\/mojevijesti\/wp-json\/wp\/v2\/tags?post=31391"}],"curies":[{"name":"wp","href":"https:\/\/api.w.org\/{rel}","templated":true}]}}