{"id":31393,"date":"2026-02-07T01:03:20","date_gmt":"2026-02-07T01:03:20","guid":{"rendered":"https:\/\/modusportal.ba\/mojevijesti\/2026\/02\/07\/dodik-cvijanovic-i-trisic-babic-sastali-se-sa-portparolkom-donalda-trumpa\/"},"modified":"2026-02-07T01:03:20","modified_gmt":"2026-02-07T01:03:20","slug":"dodik-cvijanovic-i-trisic-babic-sastali-se-sa-portparolkom-donalda-trumpa","status":"publish","type":"post","link":"https:\/\/modusportal.ba\/mojevijesti\/2026\/02\/07\/dodik-cvijanovic-i-trisic-babic-sastali-se-sa-portparolkom-donalda-trumpa\/","title":{"rendered":"Dodik, Cvijanovi\u0107 i Tri\u0161i\u0107-Babi\u0107 sastali se sa portparolkom Donalda Trumpa"},"content":{"rendered":"<p><\/p>\n<p><img loading=\"lazy\" decoding=\"async\" loading=\"lazy\" width=\"1024\" height=\"538\" src=\"https:\/\/cdn.fokus.ba\/wp-content\/uploads\/2026\/02\/dodik-leavitt-1024x538.webp\" class=\"attachment-large size-large wp-post-image\" alt=\"Caroline Leavitt\"><\/p>\n<p>Dodao je da Trumpov, kako ga je opisao, &#8220;racionalan i pragmati\u010dan pristup me\u0111unarodnim odnosima predstavlja zna\u010dajan zaokret u globalnoj politici&#8221;<\/p>\n<p><a href=\"https:\/\/www.fokus.ba\/vijesti\/bih\/dodik-cvijanovic-i-trisic-babic-sastali-se-sa-portparolkom-donalda-trumpa\/3527006\/\">Fokus.ba <\/a><\/p>\n","protected":false},"excerpt":{"rendered":"<p>Dodao je da Trumpov, kako ga je opisao, &#8220;racionalan i pragmati\u010dan pristup me\u0111unarodnim odnosima predstavlja zna\u010dajan zaokret u globalnoj politici&#8221; Fokus.ba<\/p>\n","protected":false},"author":1,"featured_media":31394,"comment_status":"open","ping_status":"open","sticky":false,"template":"","format":"standard","meta":{"_siteseo_robots_primary_cat":"","footnotes":""},"categories":[],"tags":[],"class_list":["post-31393","post","type-post","status-publish","format-standard","has-post-thumbnail"],"_links":{"self":[{"href":"https:\/\/modusportal.ba\/mojevijesti\/wp-json\/wp\/v2\/posts\/31393","targetHints":{"allow":["GET"]}}],"collection":[{"href":"https:\/\/modusportal.ba\/mojevijesti\/wp-json\/wp\/v2\/posts"}],"about":[{"href":"https:\/\/modusportal.ba\/mojevijesti\/wp-json\/wp\/v2\/types\/post"}],"author":[{"embeddable":true,"href":"https:\/\/modusportal.ba\/mojevijesti\/wp-json\/wp\/v2\/users\/1"}],"replies":[{"embeddable":true,"href":"https:\/\/modusportal.ba\/mojevijesti\/wp-json\/wp\/v2\/comments?post=31393"}],"version-history":[{"count":0,"href":"https:\/\/modusportal.ba\/mojevijesti\/wp-json\/wp\/v2\/posts\/31393\/revisions"}],"wp:featuredmedia":[{"embeddable":true,"href":"https:\/\/modusportal.ba\/mojevijesti\/wp-json\/wp\/v2\/media\/31394"}],"wp:attachment":[{"href":"https:\/\/modusportal.ba\/mojevijesti\/wp-json\/wp\/v2\/media?parent=31393"}],"wp:term":[{"taxonomy":"category","embeddable":true,"href":"https:\/\/modusportal.ba\/mojevijesti\/wp-json\/wp\/v2\/categories?post=31393"},{"taxonomy":"post_tag","embeddable":true,"href":"https:\/\/modusportal.ba\/mojevijesti\/wp-json\/wp\/v2\/tags?post=31393"}],"curies":[{"name":"wp","href":"https:\/\/api.w.org\/{rel}","templated":true}]}}