{"id":31445,"date":"2026-02-13T21:18:45","date_gmt":"2026-02-13T21:18:45","guid":{"rendered":"https:\/\/modusportal.ba\/mojevijesti\/2026\/02\/13\/senatorica-nakon-sastanka-sa-becirovicem-i-schmidtom-zalagat-cu-se-da-vrate-sankcije-dodiku\/"},"modified":"2026-02-13T21:18:45","modified_gmt":"2026-02-13T21:18:45","slug":"senatorica-nakon-sastanka-sa-becirovicem-i-schmidtom-zalagat-cu-se-da-vrate-sankcije-dodiku","status":"publish","type":"post","link":"https:\/\/modusportal.ba\/mojevijesti\/2026\/02\/13\/senatorica-nakon-sastanka-sa-becirovicem-i-schmidtom-zalagat-cu-se-da-vrate-sankcije-dodiku\/","title":{"rendered":"Senatorica nakon sastanka sa Be\u0107irovi\u0107em i Schmidtom: Zalagat \u0107u se da vrate sankcije Dodiku"},"content":{"rendered":"<p><\/p>\n<p><img loading=\"lazy\" decoding=\"async\" loading=\"lazy\" width=\"1024\" height=\"538\" src=\"https:\/\/cdn.fokus.ba\/wp-content\/uploads\/2026\/02\/senatori-becirovic-1024x538.jpg\" class=\"attachment-large size-large wp-post-image\" alt=\"Ameri\u010dki senatori s Be\u0107irovi\u0107em\"><\/p>\n<p>Posebno je istakla svoju posve\u0107enost vr\u0161enju pritiska na administraciju predsjednika Trumpa da ponovo uvede sankcije Dodiku<\/p>\n<p><a href=\"https:\/\/www.fokus.ba\/vijesti\/bih\/senatorica-nakon-sastanka-sa-becirovicem-i-schmidtom-zalagat-cu-se-da-vrate-sankcije-dodiku\/3528670\/\">Fokus.ba <\/a><\/p>\n","protected":false},"excerpt":{"rendered":"<p>Posebno je istakla svoju posve\u0107enost vr\u0161enju pritiska na administraciju predsjednika Trumpa da ponovo uvede sankcije Dodiku Fokus.ba<\/p>\n","protected":false},"author":1,"featured_media":0,"comment_status":"open","ping_status":"open","sticky":false,"template":"","format":"standard","meta":{"_siteseo_robots_primary_cat":"","footnotes":""},"categories":[],"tags":[],"class_list":["post-31445","post","type-post","status-publish","format-standard"],"_links":{"self":[{"href":"https:\/\/modusportal.ba\/mojevijesti\/wp-json\/wp\/v2\/posts\/31445","targetHints":{"allow":["GET"]}}],"collection":[{"href":"https:\/\/modusportal.ba\/mojevijesti\/wp-json\/wp\/v2\/posts"}],"about":[{"href":"https:\/\/modusportal.ba\/mojevijesti\/wp-json\/wp\/v2\/types\/post"}],"author":[{"embeddable":true,"href":"https:\/\/modusportal.ba\/mojevijesti\/wp-json\/wp\/v2\/users\/1"}],"replies":[{"embeddable":true,"href":"https:\/\/modusportal.ba\/mojevijesti\/wp-json\/wp\/v2\/comments?post=31445"}],"version-history":[{"count":0,"href":"https:\/\/modusportal.ba\/mojevijesti\/wp-json\/wp\/v2\/posts\/31445\/revisions"}],"wp:attachment":[{"href":"https:\/\/modusportal.ba\/mojevijesti\/wp-json\/wp\/v2\/media?parent=31445"}],"wp:term":[{"taxonomy":"category","embeddable":true,"href":"https:\/\/modusportal.ba\/mojevijesti\/wp-json\/wp\/v2\/categories?post=31445"},{"taxonomy":"post_tag","embeddable":true,"href":"https:\/\/modusportal.ba\/mojevijesti\/wp-json\/wp\/v2\/tags?post=31445"}],"curies":[{"name":"wp","href":"https:\/\/api.w.org\/{rel}","templated":true}]}}