{"id":31449,"date":"2026-02-14T09:23:10","date_gmt":"2026-02-14T09:23:10","guid":{"rendered":"https:\/\/modusportal.ba\/mojevijesti\/2026\/02\/14\/dobila-sam-saku-u-oko-zato-sto-sam-promijenila-kanal-na-tv-u-bila-sam-trudna\/"},"modified":"2026-02-14T09:23:10","modified_gmt":"2026-02-14T09:23:10","slug":"dobila-sam-saku-u-oko-zato-sto-sam-promijenila-kanal-na-tv-u-bila-sam-trudna","status":"publish","type":"post","link":"https:\/\/modusportal.ba\/mojevijesti\/2026\/02\/14\/dobila-sam-saku-u-oko-zato-sto-sam-promijenila-kanal-na-tv-u-bila-sam-trudna\/","title":{"rendered":"Dobila sam \u0161aku u oko zato \u0161to sam promijenila kanal na TV-u. Bila sam trudna"},"content":{"rendered":"<p><\/p>\n<p><img loading=\"lazy\" decoding=\"async\" loading=\"lazy\" width=\"1024\" height=\"538\" src=\"https:\/\/cdn.fokus.ba\/wp-content\/uploads\/2026\/02\/nasilje-nad-zenama-porodicno-1024x538.jpg\" class=\"attachment-large size-large wp-post-image\" alt=\"nasilje nad \u017eenama\"><\/p>\n<p>Dvije \u017eene iz BiH u izjavama za na\u0161 portal svjedo\u010de o godinama fizi\u010dke i psihi\u010dke torture koja se nastavila i nakon prekida odnosa. Fokusov upitnik izazvao je veliku pa\u017enju na\u0161ih \u010ditateljica, a rezultati su pokazali da ve\u0107ina prijava nasilja nije dobila sudski epilog. Prikupili smo podatke o slu\u010dajevima femicida i rodno zasnovanog nasilja u proteklim godinama. Da li su \u017ertve nasilja nakon izmjena zakona u FBiH uop\u0107e ohrabrene?<\/p>\n<p><a href=\"https:\/\/www.fokus.ba\/vijesti\/bih\/dobila-sam-saku-u-oko-zato-sto-sam-promijenila-kanal-natv-u-bila-sam-trudna\/3528692\/\">Fokus.ba <\/a><\/p>\n","protected":false},"excerpt":{"rendered":"<p>Dvije \u017eene iz BiH u izjavama za na\u0161 portal svjedo\u010de o godinama fizi\u010dke i psihi\u010dke torture koja se nastavila i nakon prekida odnosa. Fokusov upitnik izazvao je veliku pa\u017enju na\u0161ih \u010ditateljica, a rezultati su pokazali da ve\u0107ina prijava nasilja nije dobila sudski epilog. Prikupili smo podatke o slu\u010dajevima femicida i rodno zasnovanog nasilja u proteklim [&hellip;]<\/p>\n","protected":false},"author":1,"featured_media":0,"comment_status":"open","ping_status":"open","sticky":false,"template":"","format":"standard","meta":{"_siteseo_robots_primary_cat":"","footnotes":""},"categories":[],"tags":[],"class_list":["post-31449","post","type-post","status-publish","format-standard"],"_links":{"self":[{"href":"https:\/\/modusportal.ba\/mojevijesti\/wp-json\/wp\/v2\/posts\/31449","targetHints":{"allow":["GET"]}}],"collection":[{"href":"https:\/\/modusportal.ba\/mojevijesti\/wp-json\/wp\/v2\/posts"}],"about":[{"href":"https:\/\/modusportal.ba\/mojevijesti\/wp-json\/wp\/v2\/types\/post"}],"author":[{"embeddable":true,"href":"https:\/\/modusportal.ba\/mojevijesti\/wp-json\/wp\/v2\/users\/1"}],"replies":[{"embeddable":true,"href":"https:\/\/modusportal.ba\/mojevijesti\/wp-json\/wp\/v2\/comments?post=31449"}],"version-history":[{"count":0,"href":"https:\/\/modusportal.ba\/mojevijesti\/wp-json\/wp\/v2\/posts\/31449\/revisions"}],"wp:attachment":[{"href":"https:\/\/modusportal.ba\/mojevijesti\/wp-json\/wp\/v2\/media?parent=31449"}],"wp:term":[{"taxonomy":"category","embeddable":true,"href":"https:\/\/modusportal.ba\/mojevijesti\/wp-json\/wp\/v2\/categories?post=31449"},{"taxonomy":"post_tag","embeddable":true,"href":"https:\/\/modusportal.ba\/mojevijesti\/wp-json\/wp\/v2\/tags?post=31449"}],"curies":[{"name":"wp","href":"https:\/\/api.w.org\/{rel}","templated":true}]}}