{"id":31457,"date":"2026-02-15T09:29:21","date_gmt":"2026-02-15T09:29:21","guid":{"rendered":"https:\/\/modusportal.ba\/mojevijesti\/2026\/02\/15\/becirovic-sa-sefom-state-departmenta-za-evropu-eskalacija-u-bih-koja-nije-videna-30-godina\/"},"modified":"2026-02-15T09:29:21","modified_gmt":"2026-02-15T09:29:21","slug":"becirovic-sa-sefom-state-departmenta-za-evropu-eskalacija-u-bih-koja-nije-videna-30-godina","status":"publish","type":"post","link":"https:\/\/modusportal.ba\/mojevijesti\/2026\/02\/15\/becirovic-sa-sefom-state-departmenta-za-evropu-eskalacija-u-bih-koja-nije-videna-30-godina\/","title":{"rendered":"Be\u0107irovi\u0107 sa \u0161efom State Departmenta za Evropu: Eskalacija u BiH koja nije vi\u0111ena 30 godina"},"content":{"rendered":"<p><\/p>\n<p><img loading=\"lazy\" decoding=\"async\" loading=\"lazy\" width=\"1024\" height=\"538\" src=\"https:\/\/cdn.fokus.ba\/wp-content\/uploads\/2026\/02\/Hanrahan-Becirovic-1024x538.jpg\" class=\"attachment-large size-large wp-post-image\" alt=\"Brendan Hanrahan i Denis Be\u0107irovi\u0107\"><\/p>\n<p>Naglasio je da to predstavlja i eskalaciju koja nije vi\u0111ena u vi\u0161e od 30 godina implementacije Dejtonskog sporazuma te da se ne smije dopustiti realizacija takve destruktivne i opasne politike<\/p>\n<p><a href=\"https:\/\/www.fokus.ba\/vijesti\/bih\/becirovic-sa-sefom-state-departmenta-za-evropu-eskalacija-u-bih-koja-nije-vidjena-30-godina\/3528895\/\">Fokus.ba <\/a><\/p>\n","protected":false},"excerpt":{"rendered":"<p>Naglasio je da to predstavlja i eskalaciju koja nije vi\u0111ena u vi\u0161e od 30 godina implementacije Dejtonskog sporazuma te da se ne smije dopustiti realizacija takve destruktivne i opasne politike Fokus.ba<\/p>\n","protected":false},"author":1,"featured_media":31458,"comment_status":"open","ping_status":"open","sticky":false,"template":"","format":"standard","meta":{"_siteseo_robots_primary_cat":"","footnotes":""},"categories":[],"tags":[],"class_list":["post-31457","post","type-post","status-publish","format-standard","has-post-thumbnail"],"_links":{"self":[{"href":"https:\/\/modusportal.ba\/mojevijesti\/wp-json\/wp\/v2\/posts\/31457","targetHints":{"allow":["GET"]}}],"collection":[{"href":"https:\/\/modusportal.ba\/mojevijesti\/wp-json\/wp\/v2\/posts"}],"about":[{"href":"https:\/\/modusportal.ba\/mojevijesti\/wp-json\/wp\/v2\/types\/post"}],"author":[{"embeddable":true,"href":"https:\/\/modusportal.ba\/mojevijesti\/wp-json\/wp\/v2\/users\/1"}],"replies":[{"embeddable":true,"href":"https:\/\/modusportal.ba\/mojevijesti\/wp-json\/wp\/v2\/comments?post=31457"}],"version-history":[{"count":0,"href":"https:\/\/modusportal.ba\/mojevijesti\/wp-json\/wp\/v2\/posts\/31457\/revisions"}],"wp:featuredmedia":[{"embeddable":true,"href":"https:\/\/modusportal.ba\/mojevijesti\/wp-json\/wp\/v2\/media\/31458"}],"wp:attachment":[{"href":"https:\/\/modusportal.ba\/mojevijesti\/wp-json\/wp\/v2\/media?parent=31457"}],"wp:term":[{"taxonomy":"category","embeddable":true,"href":"https:\/\/modusportal.ba\/mojevijesti\/wp-json\/wp\/v2\/categories?post=31457"},{"taxonomy":"post_tag","embeddable":true,"href":"https:\/\/modusportal.ba\/mojevijesti\/wp-json\/wp\/v2\/tags?post=31457"}],"curies":[{"name":"wp","href":"https:\/\/api.w.org\/{rel}","templated":true}]}}