{"id":31485,"date":"2026-02-18T22:09:51","date_gmt":"2026-02-18T22:09:51","guid":{"rendered":"https:\/\/modusportal.ba\/mojevijesti\/2026\/02\/18\/drama-na-jahorini-dijete-palo-sa-zicare\/"},"modified":"2026-02-18T22:09:51","modified_gmt":"2026-02-18T22:09:51","slug":"drama-na-jahorini-dijete-palo-sa-zicare","status":"publish","type":"post","link":"https:\/\/modusportal.ba\/mojevijesti\/2026\/02\/18\/drama-na-jahorini-dijete-palo-sa-zicare\/","title":{"rendered":"Drama na Jahorini: Dijete palo sa \u017ei\u010dare"},"content":{"rendered":"<p><\/p>\n<p><img loading=\"lazy\" decoding=\"async\" loading=\"lazy\" width=\"1024\" height=\"538\" src=\"https:\/\/cdn.fokus.ba\/wp-content\/uploads\/2026\/02\/res_1771445907_drama-na-jahorini-dijete-palo-sa-zicare-video-1024x538.jpg\" class=\"attachment-large size-large wp-post-image\" alt=\"Dijete palo sa \u017ei\u010dare na Jahorini\"><\/p>\n<p>Skija\u0161i koji su se zatekli ispod \u017ei\u010dare poku\u0161avali su da uhvate dijete<\/p>\n<p><a href=\"https:\/\/www.fokus.ba\/vijesti\/bih\/drama-na-jahorini-dijete-palo-sa-zicare\/3529826\/\">Fokus.ba <\/a><\/p>\n","protected":false},"excerpt":{"rendered":"<p>Skija\u0161i koji su se zatekli ispod \u017ei\u010dare poku\u0161avali su da uhvate dijete Fokus.ba<\/p>\n","protected":false},"author":1,"featured_media":0,"comment_status":"open","ping_status":"open","sticky":false,"template":"","format":"standard","meta":{"_siteseo_robots_primary_cat":"","footnotes":""},"categories":[],"tags":[],"class_list":["post-31485","post","type-post","status-publish","format-standard"],"_links":{"self":[{"href":"https:\/\/modusportal.ba\/mojevijesti\/wp-json\/wp\/v2\/posts\/31485","targetHints":{"allow":["GET"]}}],"collection":[{"href":"https:\/\/modusportal.ba\/mojevijesti\/wp-json\/wp\/v2\/posts"}],"about":[{"href":"https:\/\/modusportal.ba\/mojevijesti\/wp-json\/wp\/v2\/types\/post"}],"author":[{"embeddable":true,"href":"https:\/\/modusportal.ba\/mojevijesti\/wp-json\/wp\/v2\/users\/1"}],"replies":[{"embeddable":true,"href":"https:\/\/modusportal.ba\/mojevijesti\/wp-json\/wp\/v2\/comments?post=31485"}],"version-history":[{"count":0,"href":"https:\/\/modusportal.ba\/mojevijesti\/wp-json\/wp\/v2\/posts\/31485\/revisions"}],"wp:attachment":[{"href":"https:\/\/modusportal.ba\/mojevijesti\/wp-json\/wp\/v2\/media?parent=31485"}],"wp:term":[{"taxonomy":"category","embeddable":true,"href":"https:\/\/modusportal.ba\/mojevijesti\/wp-json\/wp\/v2\/categories?post=31485"},{"taxonomy":"post_tag","embeddable":true,"href":"https:\/\/modusportal.ba\/mojevijesti\/wp-json\/wp\/v2\/tags?post=31485"}],"curies":[{"name":"wp","href":"https:\/\/api.w.org\/{rel}","templated":true}]}}