{"id":31487,"date":"2026-02-19T04:19:43","date_gmt":"2026-02-19T04:19:43","guid":{"rendered":"https:\/\/modusportal.ba\/mojevijesti\/2026\/02\/19\/eu-u-bih-velicanju-fasistickih-ideologija-nema-mjesta-u-demokratskom-drustvu\/"},"modified":"2026-02-19T04:19:43","modified_gmt":"2026-02-19T04:19:43","slug":"eu-u-bih-velicanju-fasistickih-ideologija-nema-mjesta-u-demokratskom-drustvu","status":"publish","type":"post","link":"https:\/\/modusportal.ba\/mojevijesti\/2026\/02\/19\/eu-u-bih-velicanju-fasistickih-ideologija-nema-mjesta-u-demokratskom-drustvu\/","title":{"rendered":"EU u BiH: Veli\u010danju fa\u0161isti\u010dkih ideologija nema mjesta u demokratskom dru\u0161tvu"},"content":{"rendered":"<p><\/p>\n<p><img loading=\"lazy\" decoding=\"async\" loading=\"lazy\" width=\"1024\" height=\"538\" src=\"https:\/\/cdn.fokus.ba\/wp-content\/uploads\/2026\/02\/thompson-siroki-brijeg-1024x538.jpg\" class=\"attachment-large size-large wp-post-image\" alt=\"Scena s koncerta Thompsona\"><\/p>\n<p>Veli\u010danju i relativizaciji fa\u0161isti\u010dkih ideologija nema mjesta u demokratskom dru\u0161tvu i podsje\u0107aju na najmra\u010dnije periode evropske historije<\/p>\n<p><a href=\"https:\/\/www.fokus.ba\/vijesti\/bih\/eu-u-bih-velicanju-fasistickih-ideologija-nema-mjesta-u-demokratskom-drustvu\/3529818\/\">Fokus.ba <\/a><\/p>\n","protected":false},"excerpt":{"rendered":"<p>Veli\u010danju i relativizaciji fa\u0161isti\u010dkih ideologija nema mjesta u demokratskom dru\u0161tvu i podsje\u0107aju na najmra\u010dnije periode evropske historije Fokus.ba<\/p>\n","protected":false},"author":1,"featured_media":0,"comment_status":"open","ping_status":"open","sticky":false,"template":"","format":"standard","meta":{"_siteseo_robots_primary_cat":"","footnotes":""},"categories":[],"tags":[],"class_list":["post-31487","post","type-post","status-publish","format-standard"],"_links":{"self":[{"href":"https:\/\/modusportal.ba\/mojevijesti\/wp-json\/wp\/v2\/posts\/31487","targetHints":{"allow":["GET"]}}],"collection":[{"href":"https:\/\/modusportal.ba\/mojevijesti\/wp-json\/wp\/v2\/posts"}],"about":[{"href":"https:\/\/modusportal.ba\/mojevijesti\/wp-json\/wp\/v2\/types\/post"}],"author":[{"embeddable":true,"href":"https:\/\/modusportal.ba\/mojevijesti\/wp-json\/wp\/v2\/users\/1"}],"replies":[{"embeddable":true,"href":"https:\/\/modusportal.ba\/mojevijesti\/wp-json\/wp\/v2\/comments?post=31487"}],"version-history":[{"count":0,"href":"https:\/\/modusportal.ba\/mojevijesti\/wp-json\/wp\/v2\/posts\/31487\/revisions"}],"wp:attachment":[{"href":"https:\/\/modusportal.ba\/mojevijesti\/wp-json\/wp\/v2\/media?parent=31487"}],"wp:term":[{"taxonomy":"category","embeddable":true,"href":"https:\/\/modusportal.ba\/mojevijesti\/wp-json\/wp\/v2\/categories?post=31487"},{"taxonomy":"post_tag","embeddable":true,"href":"https:\/\/modusportal.ba\/mojevijesti\/wp-json\/wp\/v2\/tags?post=31487"}],"curies":[{"name":"wp","href":"https:\/\/api.w.org\/{rel}","templated":true}]}}