{"id":31501,"date":"2026-02-20T22:38:41","date_gmt":"2026-02-20T22:38:41","guid":{"rendered":"https:\/\/modusportal.ba\/mojevijesti\/2026\/02\/20\/predsjedavajuci-osce-a-cassis-zavrsio-posjetu-bosni-i-hercegovini\/"},"modified":"2026-02-20T22:38:41","modified_gmt":"2026-02-20T22:38:41","slug":"predsjedavajuci-osce-a-cassis-zavrsio-posjetu-bosni-i-hercegovini","status":"publish","type":"post","link":"https:\/\/modusportal.ba\/mojevijesti\/2026\/02\/20\/predsjedavajuci-osce-a-cassis-zavrsio-posjetu-bosni-i-hercegovini\/","title":{"rendered":"Predsjedavaju\u0107i OSCE-a Cassis zavr\u0161io posjetu Bosni i Hercegovini"},"content":{"rendered":"<p><\/p>\n<p><img loading=\"lazy\" decoding=\"async\" loading=\"lazy\" width=\"1024\" height=\"538\" src=\"https:\/\/cdn.fokus.ba\/wp-content\/uploads\/2026\/02\/cassis-posjeta-1024x538.webp\" class=\"attachment-large size-large wp-post-image\" alt=\"\"><\/p>\n<p>OSCE nastavlja i dalje sna\u017eno podr\u017eavati suverenitet, teritorijalni integritet i politi\u010dku nezavisnost Bosne i Hercegovine<\/p>\n<p><a href=\"https:\/\/www.fokus.ba\/vijesti\/bih\/predsjedavajuci-osce-a-cassis-zavrsio-posjetu-bosni-i-hercegovini\/3530366\/\">Fokus.ba <\/a><\/p>\n","protected":false},"excerpt":{"rendered":"<p>OSCE nastavlja i dalje sna\u017eno podr\u017eavati suverenitet, teritorijalni integritet i politi\u010dku nezavisnost Bosne i Hercegovine Fokus.ba<\/p>\n","protected":false},"author":1,"featured_media":31502,"comment_status":"open","ping_status":"open","sticky":false,"template":"","format":"standard","meta":{"_siteseo_robots_primary_cat":"","footnotes":""},"categories":[],"tags":[],"class_list":["post-31501","post","type-post","status-publish","format-standard","has-post-thumbnail"],"_links":{"self":[{"href":"https:\/\/modusportal.ba\/mojevijesti\/wp-json\/wp\/v2\/posts\/31501","targetHints":{"allow":["GET"]}}],"collection":[{"href":"https:\/\/modusportal.ba\/mojevijesti\/wp-json\/wp\/v2\/posts"}],"about":[{"href":"https:\/\/modusportal.ba\/mojevijesti\/wp-json\/wp\/v2\/types\/post"}],"author":[{"embeddable":true,"href":"https:\/\/modusportal.ba\/mojevijesti\/wp-json\/wp\/v2\/users\/1"}],"replies":[{"embeddable":true,"href":"https:\/\/modusportal.ba\/mojevijesti\/wp-json\/wp\/v2\/comments?post=31501"}],"version-history":[{"count":0,"href":"https:\/\/modusportal.ba\/mojevijesti\/wp-json\/wp\/v2\/posts\/31501\/revisions"}],"wp:featuredmedia":[{"embeddable":true,"href":"https:\/\/modusportal.ba\/mojevijesti\/wp-json\/wp\/v2\/media\/31502"}],"wp:attachment":[{"href":"https:\/\/modusportal.ba\/mojevijesti\/wp-json\/wp\/v2\/media?parent=31501"}],"wp:term":[{"taxonomy":"category","embeddable":true,"href":"https:\/\/modusportal.ba\/mojevijesti\/wp-json\/wp\/v2\/categories?post=31501"},{"taxonomy":"post_tag","embeddable":true,"href":"https:\/\/modusportal.ba\/mojevijesti\/wp-json\/wp\/v2\/tags?post=31501"}],"curies":[{"name":"wp","href":"https:\/\/api.w.org\/{rel}","templated":true}]}}