{"id":31509,"date":"2026-02-21T22:49:44","date_gmt":"2026-02-21T22:49:44","guid":{"rendered":"https:\/\/modusportal.ba\/mojevijesti\/2026\/02\/21\/sociolog-protesti-u-sarajevu-odraz-dugotrajno-nagomilanog-nezadovoljstva-u-drustvu\/"},"modified":"2026-02-21T22:49:44","modified_gmt":"2026-02-21T22:49:44","slug":"sociolog-protesti-u-sarajevu-odraz-dugotrajno-nagomilanog-nezadovoljstva-u-drustvu","status":"publish","type":"post","link":"https:\/\/modusportal.ba\/mojevijesti\/2026\/02\/21\/sociolog-protesti-u-sarajevu-odraz-dugotrajno-nagomilanog-nezadovoljstva-u-drustvu\/","title":{"rendered":"Sociolog: Protesti u Sarajevu odraz dugotrajno nagomilanog nezadovoljstva u dru\u0161tvu"},"content":{"rendered":"<p><\/p>\n<p><img loading=\"lazy\" decoding=\"async\" loading=\"lazy\" width=\"1024\" height=\"538\" src=\"https:\/\/cdn.fokus.ba\/wp-content\/uploads\/2026\/02\/vasic-protesti-1024x538.webp\" class=\"attachment-large size-large wp-post-image\" alt=\"Vasi\u0107: Protesti u Sarajevu odraz dugotrajno nagomilanog nezadovoljstva u dru\u0161tvu\"><\/p>\n<p>Napominje da su protesti u BiH u pravilu odraz stanja u dru\u0161tvu te isti\u010de da je rije\u010d o fenomenu koji svjedo\u010di o dugotrajnom nakupljanju nezadovoljstva, koje je nakon odre\u0111enog vremena dobilo svoj javni izraz.<\/p>\n<p><a href=\"https:\/\/www.fokus.ba\/vijesti\/bih\/sociolog-protesti-u-sarajevu-odraz-dugotrajno-nagomilanog-nezadovoljstva-u-drustvu\/3530445\/\">Fokus.ba <\/a><\/p>\n","protected":false},"excerpt":{"rendered":"<p>Napominje da su protesti u BiH u pravilu odraz stanja u dru\u0161tvu te isti\u010de da je rije\u010d o fenomenu koji svjedo\u010di o dugotrajnom nakupljanju nezadovoljstva, koje je nakon odre\u0111enog vremena dobilo svoj javni izraz. Fokus.ba<\/p>\n","protected":false},"author":1,"featured_media":31510,"comment_status":"open","ping_status":"open","sticky":false,"template":"","format":"standard","meta":{"_siteseo_robots_primary_cat":"","footnotes":""},"categories":[],"tags":[],"class_list":["post-31509","post","type-post","status-publish","format-standard","has-post-thumbnail"],"_links":{"self":[{"href":"https:\/\/modusportal.ba\/mojevijesti\/wp-json\/wp\/v2\/posts\/31509","targetHints":{"allow":["GET"]}}],"collection":[{"href":"https:\/\/modusportal.ba\/mojevijesti\/wp-json\/wp\/v2\/posts"}],"about":[{"href":"https:\/\/modusportal.ba\/mojevijesti\/wp-json\/wp\/v2\/types\/post"}],"author":[{"embeddable":true,"href":"https:\/\/modusportal.ba\/mojevijesti\/wp-json\/wp\/v2\/users\/1"}],"replies":[{"embeddable":true,"href":"https:\/\/modusportal.ba\/mojevijesti\/wp-json\/wp\/v2\/comments?post=31509"}],"version-history":[{"count":0,"href":"https:\/\/modusportal.ba\/mojevijesti\/wp-json\/wp\/v2\/posts\/31509\/revisions"}],"wp:featuredmedia":[{"embeddable":true,"href":"https:\/\/modusportal.ba\/mojevijesti\/wp-json\/wp\/v2\/media\/31510"}],"wp:attachment":[{"href":"https:\/\/modusportal.ba\/mojevijesti\/wp-json\/wp\/v2\/media?parent=31509"}],"wp:term":[{"taxonomy":"category","embeddable":true,"href":"https:\/\/modusportal.ba\/mojevijesti\/wp-json\/wp\/v2\/categories?post=31509"},{"taxonomy":"post_tag","embeddable":true,"href":"https:\/\/modusportal.ba\/mojevijesti\/wp-json\/wp\/v2\/tags?post=31509"}],"curies":[{"name":"wp","href":"https:\/\/api.w.org\/{rel}","templated":true}]}}