{"id":31513,"date":"2026-02-22T10:53:59","date_gmt":"2026-02-22T10:53:59","guid":{"rendered":"https:\/\/modusportal.ba\/mojevijesti\/2026\/02\/22\/gavrankapetanovic-otkrio-u-kakvom-je-zdravstvenom-stanju-ella-jovanovic\/"},"modified":"2026-02-22T10:53:59","modified_gmt":"2026-02-22T10:53:59","slug":"gavrankapetanovic-otkrio-u-kakvom-je-zdravstvenom-stanju-ella-jovanovic","status":"publish","type":"post","link":"https:\/\/modusportal.ba\/mojevijesti\/2026\/02\/22\/gavrankapetanovic-otkrio-u-kakvom-je-zdravstvenom-stanju-ella-jovanovic\/","title":{"rendered":"Gavrankapetanovi\u0107 otkrio u kakvom je zdravstvenom stanju Ella Jovanovi\u0107"},"content":{"rendered":"<p><\/p>\n<p><img loading=\"lazy\" decoding=\"async\" loading=\"lazy\" width=\"1024\" height=\"538\" src=\"https:\/\/cdn.fokus.ba\/wp-content\/uploads\/2023\/12\/ismet-gavrankapetanovic-1024x538.jpg\" class=\"attachment-large size-large wp-post-image\" alt=\"Ismet Gavrankapetanovi\u0107\"><\/p>\n<p>Ona je te\u0161ko povrije\u0111ena u tramvajskoj nesre\u0107i koja se dogodila 12. februara u Sarajevu, kada je smrtno stradao 23-godi\u0161nji student Akademije likovnih umjetnosti Erdogan Moranki\u0107<\/p>\n<p><a href=\"https:\/\/www.fokus.ba\/vijesti\/bih\/gavrankapetanovic-otkrio-u-kakvom-je-zdravstvenom-stanju-ella-jovanovic\/3530604\/\">Fokus.ba <\/a><\/p>\n","protected":false},"excerpt":{"rendered":"<p>Ona je te\u0161ko povrije\u0111ena u tramvajskoj nesre\u0107i koja se dogodila 12. februara u Sarajevu, kada je smrtno stradao 23-godi\u0161nji student Akademije likovnih umjetnosti Erdogan Moranki\u0107 Fokus.ba<\/p>\n","protected":false},"author":1,"featured_media":0,"comment_status":"open","ping_status":"open","sticky":false,"template":"","format":"standard","meta":{"_siteseo_robots_primary_cat":"","footnotes":""},"categories":[],"tags":[],"class_list":["post-31513","post","type-post","status-publish","format-standard"],"_links":{"self":[{"href":"https:\/\/modusportal.ba\/mojevijesti\/wp-json\/wp\/v2\/posts\/31513","targetHints":{"allow":["GET"]}}],"collection":[{"href":"https:\/\/modusportal.ba\/mojevijesti\/wp-json\/wp\/v2\/posts"}],"about":[{"href":"https:\/\/modusportal.ba\/mojevijesti\/wp-json\/wp\/v2\/types\/post"}],"author":[{"embeddable":true,"href":"https:\/\/modusportal.ba\/mojevijesti\/wp-json\/wp\/v2\/users\/1"}],"replies":[{"embeddable":true,"href":"https:\/\/modusportal.ba\/mojevijesti\/wp-json\/wp\/v2\/comments?post=31513"}],"version-history":[{"count":0,"href":"https:\/\/modusportal.ba\/mojevijesti\/wp-json\/wp\/v2\/posts\/31513\/revisions"}],"wp:attachment":[{"href":"https:\/\/modusportal.ba\/mojevijesti\/wp-json\/wp\/v2\/media?parent=31513"}],"wp:term":[{"taxonomy":"category","embeddable":true,"href":"https:\/\/modusportal.ba\/mojevijesti\/wp-json\/wp\/v2\/categories?post=31513"},{"taxonomy":"post_tag","embeddable":true,"href":"https:\/\/modusportal.ba\/mojevijesti\/wp-json\/wp\/v2\/tags?post=31513"}],"curies":[{"name":"wp","href":"https:\/\/api.w.org\/{rel}","templated":true}]}}