{"id":31521,"date":"2026-02-23T10:58:19","date_gmt":"2026-02-23T10:58:19","guid":{"rendered":"https:\/\/modusportal.ba\/mojevijesti\/2026\/02\/23\/grad-u-bih-ukida-povlastice-strankama-nema-vise-poslovnih-prostora-za-2-km\/"},"modified":"2026-02-23T10:58:19","modified_gmt":"2026-02-23T10:58:19","slug":"grad-u-bih-ukida-povlastice-strankama-nema-vise-poslovnih-prostora-za-2-km","status":"publish","type":"post","link":"https:\/\/modusportal.ba\/mojevijesti\/2026\/02\/23\/grad-u-bih-ukida-povlastice-strankama-nema-vise-poslovnih-prostora-za-2-km\/","title":{"rendered":"Grad u BiH ukida povlastice strankama, nema vi\u0161e poslovnih prostora za 2 KM"},"content":{"rendered":"<p><\/p>\n<p><img loading=\"lazy\" decoding=\"async\" loading=\"lazy\" width=\"1024\" height=\"538\" src=\"https:\/\/cdn.fokus.ba\/wp-content\/uploads\/2026\/02\/bihac-1024x538.jpg\" class=\"attachment-large size-large wp-post-image\" alt=\"Biha\u0107\"><\/p>\n<p>Izmjenama odluke, politi\u010dke stranke vi\u0161e ne\u0107e imati mogu\u0107nost zakupa gradskih prostora po simboli\u010dnoj cijeni od 2 KM po kvadratnom metru<\/p>\n<p><a href=\"https:\/\/www.fokus.ba\/vijesti\/bih\/grad-u-bih-ukida-povlastice-strankama-nema-vise-poslovnih-prostora-za-2-km\/3530753\/\">Fokus.ba <\/a><\/p>\n","protected":false},"excerpt":{"rendered":"<p>Izmjenama odluke, politi\u010dke stranke vi\u0161e ne\u0107e imati mogu\u0107nost zakupa gradskih prostora po simboli\u010dnoj cijeni od 2 KM po kvadratnom metru Fokus.ba<\/p>\n","protected":false},"author":1,"featured_media":0,"comment_status":"open","ping_status":"open","sticky":false,"template":"","format":"standard","meta":{"_siteseo_robots_primary_cat":"","footnotes":""},"categories":[],"tags":[],"class_list":["post-31521","post","type-post","status-publish","format-standard"],"_links":{"self":[{"href":"https:\/\/modusportal.ba\/mojevijesti\/wp-json\/wp\/v2\/posts\/31521","targetHints":{"allow":["GET"]}}],"collection":[{"href":"https:\/\/modusportal.ba\/mojevijesti\/wp-json\/wp\/v2\/posts"}],"about":[{"href":"https:\/\/modusportal.ba\/mojevijesti\/wp-json\/wp\/v2\/types\/post"}],"author":[{"embeddable":true,"href":"https:\/\/modusportal.ba\/mojevijesti\/wp-json\/wp\/v2\/users\/1"}],"replies":[{"embeddable":true,"href":"https:\/\/modusportal.ba\/mojevijesti\/wp-json\/wp\/v2\/comments?post=31521"}],"version-history":[{"count":0,"href":"https:\/\/modusportal.ba\/mojevijesti\/wp-json\/wp\/v2\/posts\/31521\/revisions"}],"wp:attachment":[{"href":"https:\/\/modusportal.ba\/mojevijesti\/wp-json\/wp\/v2\/media?parent=31521"}],"wp:term":[{"taxonomy":"category","embeddable":true,"href":"https:\/\/modusportal.ba\/mojevijesti\/wp-json\/wp\/v2\/categories?post=31521"},{"taxonomy":"post_tag","embeddable":true,"href":"https:\/\/modusportal.ba\/mojevijesti\/wp-json\/wp\/v2\/tags?post=31521"}],"curies":[{"name":"wp","href":"https:\/\/api.w.org\/{rel}","templated":true}]}}