{"id":31542,"date":"2026-02-26T05:48:37","date_gmt":"2026-02-26T05:48:37","guid":{"rendered":"https:\/\/modusportal.ba\/mojevijesti\/2026\/02\/26\/sastali-se-becirovic-i-farrell-otvaranje-ambasade-irske-u-bih-je-veoma-vazno\/"},"modified":"2026-02-26T05:48:37","modified_gmt":"2026-02-26T05:48:37","slug":"sastali-se-becirovic-i-farrell-otvaranje-ambasade-irske-u-bih-je-veoma-vazno","status":"publish","type":"post","link":"https:\/\/modusportal.ba\/mojevijesti\/2026\/02\/26\/sastali-se-becirovic-i-farrell-otvaranje-ambasade-irske-u-bih-je-veoma-vazno\/","title":{"rendered":"Sastali se Be\u0107irovi\u0107\u00a0i Farrell: Otvaranje Ambasade Irske u BiH je veoma va\u017eno"},"content":{"rendered":"<p><\/p>\n<p><img loading=\"lazy\" decoding=\"async\" loading=\"lazy\" width=\"1024\" height=\"538\" src=\"https:\/\/cdn.fokus.ba\/wp-content\/uploads\/2026\/02\/farrell-becirovic-1024x538.webp\" class=\"attachment-large size-large wp-post-image\" alt=\"Farrell i Be\u0107irovi\u0107\"><\/p>\n<p>Zaklju\u010deno je da su intenzivni politi\u010dki dijalog, ja\u010danje ekonomskih veza i kontinuirana sigurnosna saradnja od klju\u010dnog zna\u010daja<\/p>\n<p><a href=\"https:\/\/www.fokus.ba\/vijesti\/bih\/sastali-se-becirovic-i-farrell-otvaranje-ambasade-irske-u-bih-je-veoma-vazno\/3531638\/\">Fokus.ba <\/a><\/p>\n","protected":false},"excerpt":{"rendered":"<p>Zaklju\u010deno je da su intenzivni politi\u010dki dijalog, ja\u010danje ekonomskih veza i kontinuirana sigurnosna saradnja od klju\u010dnog zna\u010daja Fokus.ba<\/p>\n","protected":false},"author":1,"featured_media":31543,"comment_status":"open","ping_status":"open","sticky":false,"template":"","format":"standard","meta":{"_siteseo_robots_primary_cat":"","footnotes":""},"categories":[],"tags":[],"class_list":["post-31542","post","type-post","status-publish","format-standard","has-post-thumbnail"],"_links":{"self":[{"href":"https:\/\/modusportal.ba\/mojevijesti\/wp-json\/wp\/v2\/posts\/31542","targetHints":{"allow":["GET"]}}],"collection":[{"href":"https:\/\/modusportal.ba\/mojevijesti\/wp-json\/wp\/v2\/posts"}],"about":[{"href":"https:\/\/modusportal.ba\/mojevijesti\/wp-json\/wp\/v2\/types\/post"}],"author":[{"embeddable":true,"href":"https:\/\/modusportal.ba\/mojevijesti\/wp-json\/wp\/v2\/users\/1"}],"replies":[{"embeddable":true,"href":"https:\/\/modusportal.ba\/mojevijesti\/wp-json\/wp\/v2\/comments?post=31542"}],"version-history":[{"count":0,"href":"https:\/\/modusportal.ba\/mojevijesti\/wp-json\/wp\/v2\/posts\/31542\/revisions"}],"wp:featuredmedia":[{"embeddable":true,"href":"https:\/\/modusportal.ba\/mojevijesti\/wp-json\/wp\/v2\/media\/31543"}],"wp:attachment":[{"href":"https:\/\/modusportal.ba\/mojevijesti\/wp-json\/wp\/v2\/media?parent=31542"}],"wp:term":[{"taxonomy":"category","embeddable":true,"href":"https:\/\/modusportal.ba\/mojevijesti\/wp-json\/wp\/v2\/categories?post=31542"},{"taxonomy":"post_tag","embeddable":true,"href":"https:\/\/modusportal.ba\/mojevijesti\/wp-json\/wp\/v2\/tags?post=31542"}],"curies":[{"name":"wp","href":"https:\/\/api.w.org\/{rel}","templated":true}]}}