{"id":31544,"date":"2026-02-26T11:51:49","date_gmt":"2026-02-26T11:51:49","guid":{"rendered":"https:\/\/modusportal.ba\/mojevijesti\/2026\/02\/26\/sukob-zbog-celika-eskalira-fbih-trazi-odgovor-srbiji-istom-mjerom\/"},"modified":"2026-02-26T11:51:49","modified_gmt":"2026-02-26T11:51:49","slug":"sukob-zbog-celika-eskalira-fbih-trazi-odgovor-srbiji-istom-mjerom","status":"publish","type":"post","link":"https:\/\/modusportal.ba\/mojevijesti\/2026\/02\/26\/sukob-zbog-celika-eskalira-fbih-trazi-odgovor-srbiji-istom-mjerom\/","title":{"rendered":"Sukob zbog \u010delika eskalira: FBiH tra\u017ei odgovor Srbiji istom mjerom"},"content":{"rendered":"<p><\/p>\n<p><img loading=\"lazy\" decoding=\"async\" loading=\"lazy\" width=\"1024\" height=\"538\" src=\"https:\/\/cdn.fokus.ba\/wp-content\/uploads\/2026\/02\/industrijski-radnik-1024x538.jpg\" class=\"attachment-large size-large wp-post-image\" alt=\"industrijski radnik\"><\/p>\n<p>Vlada FBiH je dala pozitivno mi\u0161ljenje na prijedlog odluke, ali tekst upu\u0107en Vije\u0107u ministara BiH nije bio identi\u010dan onom na koji je Vlada FBiH dala saglasnost<\/p>\n<p><a href=\"https:\/\/www.fokus.ba\/vijesti\/bih\/sukob-zbog-celika-eskalira-fbih-trazi-odgovor-srbiji-istom-mjerom\/3531811\/\">Fokus.ba <\/a><\/p>\n","protected":false},"excerpt":{"rendered":"<p>Vlada FBiH je dala pozitivno mi\u0161ljenje na prijedlog odluke, ali tekst upu\u0107en Vije\u0107u ministara BiH nije bio identi\u010dan onom na koji je Vlada FBiH dala saglasnost Fokus.ba<\/p>\n","protected":false},"author":1,"featured_media":0,"comment_status":"open","ping_status":"open","sticky":false,"template":"","format":"standard","meta":{"_siteseo_robots_primary_cat":"","footnotes":""},"categories":[],"tags":[],"class_list":["post-31544","post","type-post","status-publish","format-standard"],"_links":{"self":[{"href":"https:\/\/modusportal.ba\/mojevijesti\/wp-json\/wp\/v2\/posts\/31544","targetHints":{"allow":["GET"]}}],"collection":[{"href":"https:\/\/modusportal.ba\/mojevijesti\/wp-json\/wp\/v2\/posts"}],"about":[{"href":"https:\/\/modusportal.ba\/mojevijesti\/wp-json\/wp\/v2\/types\/post"}],"author":[{"embeddable":true,"href":"https:\/\/modusportal.ba\/mojevijesti\/wp-json\/wp\/v2\/users\/1"}],"replies":[{"embeddable":true,"href":"https:\/\/modusportal.ba\/mojevijesti\/wp-json\/wp\/v2\/comments?post=31544"}],"version-history":[{"count":0,"href":"https:\/\/modusportal.ba\/mojevijesti\/wp-json\/wp\/v2\/posts\/31544\/revisions"}],"wp:attachment":[{"href":"https:\/\/modusportal.ba\/mojevijesti\/wp-json\/wp\/v2\/media?parent=31544"}],"wp:term":[{"taxonomy":"category","embeddable":true,"href":"https:\/\/modusportal.ba\/mojevijesti\/wp-json\/wp\/v2\/categories?post=31544"},{"taxonomy":"post_tag","embeddable":true,"href":"https:\/\/modusportal.ba\/mojevijesti\/wp-json\/wp\/v2\/tags?post=31544"}],"curies":[{"name":"wp","href":"https:\/\/api.w.org\/{rel}","templated":true}]}}