{"id":31547,"date":"2026-02-27T00:28:02","date_gmt":"2026-02-27T00:28:02","guid":{"rendered":"https:\/\/modusportal.ba\/mojevijesti\/2026\/02\/27\/sindikat-nove-zeljezare-zenica-necemo-mirno-gledati-kako-nam-se-gase-radna-mjesta-i-buducnost\/"},"modified":"2026-02-27T00:28:02","modified_gmt":"2026-02-27T00:28:02","slug":"sindikat-nove-zeljezare-zenica-necemo-mirno-gledati-kako-nam-se-gase-radna-mjesta-i-buducnost","status":"publish","type":"post","link":"https:\/\/modusportal.ba\/mojevijesti\/2026\/02\/27\/sindikat-nove-zeljezare-zenica-necemo-mirno-gledati-kako-nam-se-gase-radna-mjesta-i-buducnost\/","title":{"rendered":"Sindikat Nove \u017eeljezare Zenica: Ne\u0107emo mirno gledati kako nam se gase radna mjesta i budu\u0107nost"},"content":{"rendered":"<p><\/p>\n<p><img loading=\"lazy\" decoding=\"async\" loading=\"lazy\" width=\"1024\" height=\"538\" src=\"https:\/\/cdn.fokus.ba\/wp-content\/uploads\/2026\/02\/Sindikat-Nove-zeljezare-Zenica-1024x538.webp\" class=\"attachment-large size-large wp-post-image\" alt=\"Sindikat Nove \u017eeljezare Zenica\"><\/p>\n<p>Posebno ukazuju na izostanak reakcije dr\u017eavnih institucija na kvote koje je, kako navode, uvela Srbija<\/p>\n<p><a href=\"https:\/\/www.fokus.ba\/vijesti\/bih\/sindikat-nove-zeljezare-zenica-necemo-mirno-gledati-kako-nam-se-gase-radna-mjesta-i-buducnost\/3531917\/\">Fokus.ba <\/a><\/p>\n","protected":false},"excerpt":{"rendered":"<p>Posebno ukazuju na izostanak reakcije dr\u017eavnih institucija na kvote koje je, kako navode, uvela Srbija Fokus.ba<\/p>\n","protected":false},"author":1,"featured_media":31548,"comment_status":"open","ping_status":"open","sticky":false,"template":"","format":"standard","meta":{"_siteseo_robots_primary_cat":"","footnotes":""},"categories":[],"tags":[],"class_list":["post-31547","post","type-post","status-publish","format-standard","has-post-thumbnail"],"_links":{"self":[{"href":"https:\/\/modusportal.ba\/mojevijesti\/wp-json\/wp\/v2\/posts\/31547","targetHints":{"allow":["GET"]}}],"collection":[{"href":"https:\/\/modusportal.ba\/mojevijesti\/wp-json\/wp\/v2\/posts"}],"about":[{"href":"https:\/\/modusportal.ba\/mojevijesti\/wp-json\/wp\/v2\/types\/post"}],"author":[{"embeddable":true,"href":"https:\/\/modusportal.ba\/mojevijesti\/wp-json\/wp\/v2\/users\/1"}],"replies":[{"embeddable":true,"href":"https:\/\/modusportal.ba\/mojevijesti\/wp-json\/wp\/v2\/comments?post=31547"}],"version-history":[{"count":0,"href":"https:\/\/modusportal.ba\/mojevijesti\/wp-json\/wp\/v2\/posts\/31547\/revisions"}],"wp:featuredmedia":[{"embeddable":true,"href":"https:\/\/modusportal.ba\/mojevijesti\/wp-json\/wp\/v2\/media\/31548"}],"wp:attachment":[{"href":"https:\/\/modusportal.ba\/mojevijesti\/wp-json\/wp\/v2\/media?parent=31547"}],"wp:term":[{"taxonomy":"category","embeddable":true,"href":"https:\/\/modusportal.ba\/mojevijesti\/wp-json\/wp\/v2\/categories?post=31547"},{"taxonomy":"post_tag","embeddable":true,"href":"https:\/\/modusportal.ba\/mojevijesti\/wp-json\/wp\/v2\/tags?post=31547"}],"curies":[{"name":"wp","href":"https:\/\/api.w.org\/{rel}","templated":true}]}}