{"id":31551,"date":"2026-02-27T12:56:20","date_gmt":"2026-02-27T12:56:20","guid":{"rendered":"https:\/\/modusportal.ba\/mojevijesti\/2026\/02\/27\/uprkos-opstrukcijama-u-zepcu-se-izborili-za-intoniranje-himne-bih\/"},"modified":"2026-02-27T12:56:20","modified_gmt":"2026-02-27T12:56:20","slug":"uprkos-opstrukcijama-u-zepcu-se-izborili-za-intoniranje-himne-bih","status":"publish","type":"post","link":"https:\/\/modusportal.ba\/mojevijesti\/2026\/02\/27\/uprkos-opstrukcijama-u-zepcu-se-izborili-za-intoniranje-himne-bih\/","title":{"rendered":"Uprkos opstrukcijama: U \u017dep\u010du se izborili za intoniranje himne BiH?!"},"content":{"rendered":"<p><\/p>\n<p><img loading=\"lazy\" decoding=\"async\" loading=\"lazy\" width=\"1024\" height=\"538\" src=\"https:\/\/cdn.fokus.ba\/wp-content\/uploads\/2026\/02\/opcinsko-vijece-zepce-1-1024x538.webp\" class=\"attachment-large size-large wp-post-image\" alt=\"Sjednica Op\u0107inskog vije\u0107a \u017dep\u010de\"><\/p>\n<p>I ovo je BiH: \u010cetvrt stolje\u0107a od Dejtona, potrebna je borba da se u jednom zakonodavnom tijelu uspostavi intoniranje himne dr\u017eave<\/p>\n<p><a href=\"https:\/\/www.fokus.ba\/vijesti\/bih\/uprkos-opstrukcijama-u-zepcu-se-izborili-za-intoniranje-himne-bih\/3532060\/\">Fokus.ba <\/a><\/p>\n","protected":false},"excerpt":{"rendered":"<p>I ovo je BiH: \u010cetvrt stolje\u0107a od Dejtona, potrebna je borba da se u jednom zakonodavnom tijelu uspostavi intoniranje himne dr\u017eave Fokus.ba<\/p>\n","protected":false},"author":1,"featured_media":31552,"comment_status":"open","ping_status":"open","sticky":false,"template":"","format":"standard","meta":{"_siteseo_robots_primary_cat":"","footnotes":""},"categories":[],"tags":[],"class_list":["post-31551","post","type-post","status-publish","format-standard","has-post-thumbnail"],"_links":{"self":[{"href":"https:\/\/modusportal.ba\/mojevijesti\/wp-json\/wp\/v2\/posts\/31551","targetHints":{"allow":["GET"]}}],"collection":[{"href":"https:\/\/modusportal.ba\/mojevijesti\/wp-json\/wp\/v2\/posts"}],"about":[{"href":"https:\/\/modusportal.ba\/mojevijesti\/wp-json\/wp\/v2\/types\/post"}],"author":[{"embeddable":true,"href":"https:\/\/modusportal.ba\/mojevijesti\/wp-json\/wp\/v2\/users\/1"}],"replies":[{"embeddable":true,"href":"https:\/\/modusportal.ba\/mojevijesti\/wp-json\/wp\/v2\/comments?post=31551"}],"version-history":[{"count":0,"href":"https:\/\/modusportal.ba\/mojevijesti\/wp-json\/wp\/v2\/posts\/31551\/revisions"}],"wp:featuredmedia":[{"embeddable":true,"href":"https:\/\/modusportal.ba\/mojevijesti\/wp-json\/wp\/v2\/media\/31552"}],"wp:attachment":[{"href":"https:\/\/modusportal.ba\/mojevijesti\/wp-json\/wp\/v2\/media?parent=31551"}],"wp:term":[{"taxonomy":"category","embeddable":true,"href":"https:\/\/modusportal.ba\/mojevijesti\/wp-json\/wp\/v2\/categories?post=31551"},{"taxonomy":"post_tag","embeddable":true,"href":"https:\/\/modusportal.ba\/mojevijesti\/wp-json\/wp\/v2\/tags?post=31551"}],"curies":[{"name":"wp","href":"https:\/\/api.w.org\/{rel}","templated":true}]}}