{"id":31564,"date":"2026-03-01T07:19:54","date_gmt":"2026-03-01T07:19:54","guid":{"rendered":"https:\/\/modusportal.ba\/mojevijesti\/2026\/03\/01\/kordic-cestitao-1-mart-hrvatski-narod-jasno-je-pokazao-podrsku-europskoj-bih\/"},"modified":"2026-03-01T07:19:54","modified_gmt":"2026-03-01T07:19:54","slug":"kordic-cestitao-1-mart-hrvatski-narod-jasno-je-pokazao-podrsku-europskoj-bih","status":"publish","type":"post","link":"https:\/\/modusportal.ba\/mojevijesti\/2026\/03\/01\/kordic-cestitao-1-mart-hrvatski-narod-jasno-je-pokazao-podrsku-europskoj-bih\/","title":{"rendered":"Kordi\u0107 \u010destitao 1. mart: Hrvatski narod jasno je pokazao podr\u0161ku europskoj BiH"},"content":{"rendered":"<p><\/p>\n<p><img loading=\"lazy\" decoding=\"async\" loading=\"lazy\" width=\"1024\" height=\"538\" src=\"https:\/\/cdn.fokus.ba\/wp-content\/uploads\/2023\/10\/mario-kordic-gradonacelnik-1024x538.jpg\" class=\"attachment-large size-large wp-post-image\" alt=\"mario kordic gradonacelnik\"><\/p>\n<p>Naglasio je i posebnu odgovornost Mostara kao grada susreta i razli\u010ditosti u njegovanju dijaloga, suradnje i me\u0111usobnog po\u0161tovanja<\/p>\n<p><a href=\"https:\/\/www.fokus.ba\/vijesti\/bih\/kordic-cestitao-1-mart-hrvatski-narod-jasno-je-pokazao-podrsku-europskoj-bih\/3532245\/\">Fokus.ba <\/a><\/p>\n","protected":false},"excerpt":{"rendered":"<p>Naglasio je i posebnu odgovornost Mostara kao grada susreta i razli\u010ditosti u njegovanju dijaloga, suradnje i me\u0111usobnog po\u0161tovanja Fokus.ba<\/p>\n","protected":false},"author":1,"featured_media":31565,"comment_status":"open","ping_status":"open","sticky":false,"template":"","format":"standard","meta":{"_siteseo_robots_primary_cat":"","footnotes":""},"categories":[],"tags":[],"class_list":["post-31564","post","type-post","status-publish","format-standard","has-post-thumbnail"],"_links":{"self":[{"href":"https:\/\/modusportal.ba\/mojevijesti\/wp-json\/wp\/v2\/posts\/31564","targetHints":{"allow":["GET"]}}],"collection":[{"href":"https:\/\/modusportal.ba\/mojevijesti\/wp-json\/wp\/v2\/posts"}],"about":[{"href":"https:\/\/modusportal.ba\/mojevijesti\/wp-json\/wp\/v2\/types\/post"}],"author":[{"embeddable":true,"href":"https:\/\/modusportal.ba\/mojevijesti\/wp-json\/wp\/v2\/users\/1"}],"replies":[{"embeddable":true,"href":"https:\/\/modusportal.ba\/mojevijesti\/wp-json\/wp\/v2\/comments?post=31564"}],"version-history":[{"count":0,"href":"https:\/\/modusportal.ba\/mojevijesti\/wp-json\/wp\/v2\/posts\/31564\/revisions"}],"wp:featuredmedia":[{"embeddable":true,"href":"https:\/\/modusportal.ba\/mojevijesti\/wp-json\/wp\/v2\/media\/31565"}],"wp:attachment":[{"href":"https:\/\/modusportal.ba\/mojevijesti\/wp-json\/wp\/v2\/media?parent=31564"}],"wp:term":[{"taxonomy":"category","embeddable":true,"href":"https:\/\/modusportal.ba\/mojevijesti\/wp-json\/wp\/v2\/categories?post=31564"},{"taxonomy":"post_tag","embeddable":true,"href":"https:\/\/modusportal.ba\/mojevijesti\/wp-json\/wp\/v2\/tags?post=31564"}],"curies":[{"name":"wp","href":"https:\/\/api.w.org\/{rel}","templated":true}]}}