{"id":31570,"date":"2026-03-02T01:38:52","date_gmt":"2026-03-02T01:38:52","guid":{"rendered":"https:\/\/modusportal.ba\/mojevijesti\/2026\/03\/02\/becirovic-historija-bosne-i-hercegovine-svjedoci-o-stalnoj-borbi-ali-nikada-o-predaji\/"},"modified":"2026-03-02T01:38:52","modified_gmt":"2026-03-02T01:38:52","slug":"becirovic-historija-bosne-i-hercegovine-svjedoci-o-stalnoj-borbi-ali-nikada-o-predaji","status":"publish","type":"post","link":"https:\/\/modusportal.ba\/mojevijesti\/2026\/03\/02\/becirovic-historija-bosne-i-hercegovine-svjedoci-o-stalnoj-borbi-ali-nikada-o-predaji\/","title":{"rendered":"Be\u0107irovi\u0107: Historija Bosne i Hercegovine svjedo\u010di o stalnoj borbi, ali nikada o predaji"},"content":{"rendered":"<p><\/p>\n<p><img loading=\"lazy\" decoding=\"async\" loading=\"lazy\" width=\"1024\" height=\"538\" src=\"https:\/\/cdn.fokus.ba\/wp-content\/uploads\/2026\/03\/denis-becirovic-1024x538.jpg\" class=\"attachment-large size-large wp-post-image\" alt=\"Denis Be\u0107irovi\u0107\"><\/p>\n<p>Be\u0107irovi\u0107 je poru\u010dio da se za Bosnu i Hercegovinu stolje\u0107ima bore generacije njenih najboljih sinova i k\u0107eri<\/p>\n<p><a href=\"https:\/\/www.fokus.ba\/vijesti\/bih\/becirovic-historija-bosne-i-hercegovine-svjedoci-o-stalnoj-borbi-ali-nikada-o-predaji\/3532479\/\">Fokus.ba <\/a><\/p>\n","protected":false},"excerpt":{"rendered":"<p>Be\u0107irovi\u0107 je poru\u010dio da se za Bosnu i Hercegovinu stolje\u0107ima bore generacije njenih najboljih sinova i k\u0107eri Fokus.ba<\/p>\n","protected":false},"author":1,"featured_media":0,"comment_status":"open","ping_status":"open","sticky":false,"template":"","format":"standard","meta":{"_siteseo_robots_primary_cat":"","footnotes":""},"categories":[],"tags":[],"class_list":["post-31570","post","type-post","status-publish","format-standard"],"_links":{"self":[{"href":"https:\/\/modusportal.ba\/mojevijesti\/wp-json\/wp\/v2\/posts\/31570","targetHints":{"allow":["GET"]}}],"collection":[{"href":"https:\/\/modusportal.ba\/mojevijesti\/wp-json\/wp\/v2\/posts"}],"about":[{"href":"https:\/\/modusportal.ba\/mojevijesti\/wp-json\/wp\/v2\/types\/post"}],"author":[{"embeddable":true,"href":"https:\/\/modusportal.ba\/mojevijesti\/wp-json\/wp\/v2\/users\/1"}],"replies":[{"embeddable":true,"href":"https:\/\/modusportal.ba\/mojevijesti\/wp-json\/wp\/v2\/comments?post=31570"}],"version-history":[{"count":0,"href":"https:\/\/modusportal.ba\/mojevijesti\/wp-json\/wp\/v2\/posts\/31570\/revisions"}],"wp:attachment":[{"href":"https:\/\/modusportal.ba\/mojevijesti\/wp-json\/wp\/v2\/media?parent=31570"}],"wp:term":[{"taxonomy":"category","embeddable":true,"href":"https:\/\/modusportal.ba\/mojevijesti\/wp-json\/wp\/v2\/categories?post=31570"},{"taxonomy":"post_tag","embeddable":true,"href":"https:\/\/modusportal.ba\/mojevijesti\/wp-json\/wp\/v2\/tags?post=31570"}],"curies":[{"name":"wp","href":"https:\/\/api.w.org\/{rel}","templated":true}]}}