{"id":31572,"date":"2026-03-02T07:44:43","date_gmt":"2026-03-02T07:44:43","guid":{"rendered":"https:\/\/modusportal.ba\/mojevijesti\/2026\/03\/02\/kako-je-srbija-ugrozila-privredu-bih-i-izazvala-sok-kod-svih-clanica-cefta-e\/"},"modified":"2026-03-02T07:44:43","modified_gmt":"2026-03-02T07:44:43","slug":"kako-je-srbija-ugrozila-privredu-bih-i-izazvala-sok-kod-svih-clanica-cefta-e","status":"publish","type":"post","link":"https:\/\/modusportal.ba\/mojevijesti\/2026\/03\/02\/kako-je-srbija-ugrozila-privredu-bih-i-izazvala-sok-kod-svih-clanica-cefta-e\/","title":{"rendered":"Kako je Srbija ugrozila privredu BiH i izazvala \u0161ok kod svih \u010dlanica CEFTA-e!"},"content":{"rendered":"<p><\/p>\n<p><img loading=\"lazy\" decoding=\"async\" loading=\"lazy\" width=\"1024\" height=\"538\" src=\"https:\/\/cdn.fokus.ba\/wp-content\/uploads\/2023\/09\/kosarac-1024x538.jpg\" class=\"attachment-large size-large wp-post-image\" alt=\"Sta\u0161a Ko\u0161arac\"><\/p>\n<p>Preveslali su i Ministarstvo vanjske trgovine kojim rukovodi Sta\u0161a Ko\u0161arac. Fokus otkriva detalje kr\u0161enja regionalnog sporazuma<\/p>\n<p><a href=\"https:\/\/www.fokus.ba\/vijesti\/bih\/kako-je-srbija-ugrozila-privredu-bih-i-izazvala-sok-kod-svih-clanica-cefta-e\/3532502\/\">Fokus.ba <\/a><\/p>\n","protected":false},"excerpt":{"rendered":"<p>Preveslali su i Ministarstvo vanjske trgovine kojim rukovodi Sta\u0161a Ko\u0161arac. Fokus otkriva detalje kr\u0161enja regionalnog sporazuma Fokus.ba<\/p>\n","protected":false},"author":1,"featured_media":0,"comment_status":"open","ping_status":"open","sticky":false,"template":"","format":"standard","meta":{"_siteseo_robots_primary_cat":"","footnotes":""},"categories":[],"tags":[],"class_list":["post-31572","post","type-post","status-publish","format-standard"],"_links":{"self":[{"href":"https:\/\/modusportal.ba\/mojevijesti\/wp-json\/wp\/v2\/posts\/31572","targetHints":{"allow":["GET"]}}],"collection":[{"href":"https:\/\/modusportal.ba\/mojevijesti\/wp-json\/wp\/v2\/posts"}],"about":[{"href":"https:\/\/modusportal.ba\/mojevijesti\/wp-json\/wp\/v2\/types\/post"}],"author":[{"embeddable":true,"href":"https:\/\/modusportal.ba\/mojevijesti\/wp-json\/wp\/v2\/users\/1"}],"replies":[{"embeddable":true,"href":"https:\/\/modusportal.ba\/mojevijesti\/wp-json\/wp\/v2\/comments?post=31572"}],"version-history":[{"count":0,"href":"https:\/\/modusportal.ba\/mojevijesti\/wp-json\/wp\/v2\/posts\/31572\/revisions"}],"wp:attachment":[{"href":"https:\/\/modusportal.ba\/mojevijesti\/wp-json\/wp\/v2\/media?parent=31572"}],"wp:term":[{"taxonomy":"category","embeddable":true,"href":"https:\/\/modusportal.ba\/mojevijesti\/wp-json\/wp\/v2\/categories?post=31572"},{"taxonomy":"post_tag","embeddable":true,"href":"https:\/\/modusportal.ba\/mojevijesti\/wp-json\/wp\/v2\/tags?post=31572"}],"curies":[{"name":"wp","href":"https:\/\/api.w.org\/{rel}","templated":true}]}}