{"id":31609,"date":"2026-03-07T02:57:54","date_gmt":"2026-03-07T02:57:54","guid":{"rendered":"https:\/\/modusportal.ba\/mojevijesti\/2026\/03\/07\/vijece-ministara-trazi-pomoc-za-evakuaciju-bh-drzavljana-sa-bliskog-istoka\/"},"modified":"2026-03-07T02:57:54","modified_gmt":"2026-03-07T02:57:54","slug":"vijece-ministara-trazi-pomoc-za-evakuaciju-bh-drzavljana-sa-bliskog-istoka","status":"publish","type":"post","link":"https:\/\/modusportal.ba\/mojevijesti\/2026\/03\/07\/vijece-ministara-trazi-pomoc-za-evakuaciju-bh-drzavljana-sa-bliskog-istoka\/","title":{"rendered":"Vije\u0107e ministara tra\u017ei pomo\u0107 za evakuaciju bh. dr\u017eavljana sa Bliskog istoka"},"content":{"rendered":"<p><\/p>\n<p><img loading=\"lazy\" decoding=\"async\" loading=\"lazy\" width=\"1024\" height=\"538\" src=\"https:\/\/cdn.fokus.ba\/wp-content\/uploads\/2025\/07\/Sa-sjednice-VM-Foto-Vijece-ministara-BiH-1024x538.webp\" class=\"attachment-large size-large wp-post-image\" alt=\"Sa sjednice VM Foto Vijece ministara BiH\"><\/p>\n<p>Zahtjev BiH odnosi se na pru\u017eanje potpore u repatrijaciji dr\u017eavljana Bosne i Hercegovine s va\u017ee\u0107om putnom ispravom<\/p>\n<p><a href=\"https:\/\/www.fokus.ba\/vijesti\/bih\/vijece-ministara-trazi-pomoc-za-evakuaciju-bh-drzavljana-sa-bliskog-istoka\/3533583\/\">Fokus.ba <\/a><\/p>\n","protected":false},"excerpt":{"rendered":"<p>Zahtjev BiH odnosi se na pru\u017eanje potpore u repatrijaciji dr\u017eavljana Bosne i Hercegovine s va\u017ee\u0107om putnom ispravom Fokus.ba<\/p>\n","protected":false},"author":1,"featured_media":30957,"comment_status":"open","ping_status":"open","sticky":false,"template":"","format":"standard","meta":{"_siteseo_robots_primary_cat":"","footnotes":""},"categories":[],"tags":[],"class_list":["post-31609","post","type-post","status-publish","format-standard","has-post-thumbnail"],"_links":{"self":[{"href":"https:\/\/modusportal.ba\/mojevijesti\/wp-json\/wp\/v2\/posts\/31609","targetHints":{"allow":["GET"]}}],"collection":[{"href":"https:\/\/modusportal.ba\/mojevijesti\/wp-json\/wp\/v2\/posts"}],"about":[{"href":"https:\/\/modusportal.ba\/mojevijesti\/wp-json\/wp\/v2\/types\/post"}],"author":[{"embeddable":true,"href":"https:\/\/modusportal.ba\/mojevijesti\/wp-json\/wp\/v2\/users\/1"}],"replies":[{"embeddable":true,"href":"https:\/\/modusportal.ba\/mojevijesti\/wp-json\/wp\/v2\/comments?post=31609"}],"version-history":[{"count":0,"href":"https:\/\/modusportal.ba\/mojevijesti\/wp-json\/wp\/v2\/posts\/31609\/revisions"}],"wp:featuredmedia":[{"embeddable":true,"href":"https:\/\/modusportal.ba\/mojevijesti\/wp-json\/wp\/v2\/media\/30957"}],"wp:attachment":[{"href":"https:\/\/modusportal.ba\/mojevijesti\/wp-json\/wp\/v2\/media?parent=31609"}],"wp:term":[{"taxonomy":"category","embeddable":true,"href":"https:\/\/modusportal.ba\/mojevijesti\/wp-json\/wp\/v2\/categories?post=31609"},{"taxonomy":"post_tag","embeddable":true,"href":"https:\/\/modusportal.ba\/mojevijesti\/wp-json\/wp\/v2\/tags?post=31609"}],"curies":[{"name":"wp","href":"https:\/\/api.w.org\/{rel}","templated":true}]}}