{"id":31612,"date":"2026-03-07T15:01:23","date_gmt":"2026-03-07T15:01:23","guid":{"rendered":"https:\/\/modusportal.ba\/mojevijesti\/2026\/03\/07\/jose-carreras-uoci-koncerta-posjetio-roditeljsku-kucu-u-sarajevu\/"},"modified":"2026-03-07T15:01:23","modified_gmt":"2026-03-07T15:01:23","slug":"jose-carreras-uoci-koncerta-posjetio-roditeljsku-kucu-u-sarajevu","status":"publish","type":"post","link":"https:\/\/modusportal.ba\/mojevijesti\/2026\/03\/07\/jose-carreras-uoci-koncerta-posjetio-roditeljsku-kucu-u-sarajevu\/","title":{"rendered":"Jose Carreras uo\u010di koncerta posjetio Roditeljsku ku\u0107u u Sarajevu"},"content":{"rendered":"<p><\/p>\n<p><img loading=\"lazy\" decoding=\"async\" loading=\"lazy\" width=\"1024\" height=\"538\" src=\"https:\/\/cdn.fokus.ba\/wp-content\/uploads\/2026\/03\/jose-carreras-roditeljska-kuca-sarajevo-1024x538.jpg\" class=\"attachment-large size-large wp-post-image\" alt=\"jose carreras roditeljska kuca sarajevo\"><\/p>\n<p>\u0160panski tenor Jose Carreras uo\u010di koncerta u Sarajevu posjetio je Roditeljsku ku\u0107u i pru\u017eio podr\u0161ku djeci oboljeloj od raka<\/p>\n<p><a href=\"https:\/\/www.fokus.ba\/vijesti\/bih\/jose-carreras-uoci-koncerta-posjetio-roditeljsku-kucu-u-sarajevu\/3533691\/\">Fokus.ba <\/a><\/p>\n","protected":false},"excerpt":{"rendered":"<p>\u0160panski tenor Jose Carreras uo\u010di koncerta u Sarajevu posjetio je Roditeljsku ku\u0107u i pru\u017eio podr\u0161ku djeci oboljeloj od raka Fokus.ba<\/p>\n","protected":false},"author":1,"featured_media":0,"comment_status":"open","ping_status":"open","sticky":false,"template":"","format":"standard","meta":{"_siteseo_robots_primary_cat":"","footnotes":""},"categories":[],"tags":[],"class_list":["post-31612","post","type-post","status-publish","format-standard"],"_links":{"self":[{"href":"https:\/\/modusportal.ba\/mojevijesti\/wp-json\/wp\/v2\/posts\/31612","targetHints":{"allow":["GET"]}}],"collection":[{"href":"https:\/\/modusportal.ba\/mojevijesti\/wp-json\/wp\/v2\/posts"}],"about":[{"href":"https:\/\/modusportal.ba\/mojevijesti\/wp-json\/wp\/v2\/types\/post"}],"author":[{"embeddable":true,"href":"https:\/\/modusportal.ba\/mojevijesti\/wp-json\/wp\/v2\/users\/1"}],"replies":[{"embeddable":true,"href":"https:\/\/modusportal.ba\/mojevijesti\/wp-json\/wp\/v2\/comments?post=31612"}],"version-history":[{"count":0,"href":"https:\/\/modusportal.ba\/mojevijesti\/wp-json\/wp\/v2\/posts\/31612\/revisions"}],"wp:attachment":[{"href":"https:\/\/modusportal.ba\/mojevijesti\/wp-json\/wp\/v2\/media?parent=31612"}],"wp:term":[{"taxonomy":"category","embeddable":true,"href":"https:\/\/modusportal.ba\/mojevijesti\/wp-json\/wp\/v2\/categories?post=31612"},{"taxonomy":"post_tag","embeddable":true,"href":"https:\/\/modusportal.ba\/mojevijesti\/wp-json\/wp\/v2\/tags?post=31612"}],"curies":[{"name":"wp","href":"https:\/\/api.w.org\/{rel}","templated":true}]}}