{"id":31633,"date":"2026-03-10T15:23:09","date_gmt":"2026-03-10T15:23:09","guid":{"rendered":"https:\/\/modusportal.ba\/mojevijesti\/2026\/03\/10\/sipa-pretresa-na-sest-lokacija-u-cetiri-grada-dvije-osobe-uhapsene\/"},"modified":"2026-03-10T15:23:09","modified_gmt":"2026-03-10T15:23:09","slug":"sipa-pretresa-na-sest-lokacija-u-cetiri-grada-dvije-osobe-uhapsene","status":"publish","type":"post","link":"https:\/\/modusportal.ba\/mojevijesti\/2026\/03\/10\/sipa-pretresa-na-sest-lokacija-u-cetiri-grada-dvije-osobe-uhapsene\/","title":{"rendered":"SIPA pretresa na \u0161est lokacija u \u010detiri grada, dvije osobe uhap\u0161ene"},"content":{"rendered":"<p><\/p>\n<p><img loading=\"lazy\" decoding=\"async\" loading=\"lazy\" width=\"1024\" height=\"538\" src=\"https:\/\/cdn.fokus.ba\/wp-content\/uploads\/2025\/11\/sipa-policija-1024x538.webp\" class=\"attachment-large size-large wp-post-image\" alt=\"sipa policija\"><\/p>\n<p>SIPA pretresa objekte u Bijeljini, Tuzli, Grada\u010dcu i Lukavcu: Prona\u0111en skupocjeni nakit, automobili, novac&#8230;<\/p>\n<p><a href=\"https:\/\/www.fokus.ba\/vijesti\/bih\/sipa-pretresa-na-sest-lokacija-u-cetiri-grada-dvije-osobe-uhapsene\/3534292\/\">Fokus.ba <\/a><\/p>\n","protected":false},"excerpt":{"rendered":"<p>SIPA pretresa objekte u Bijeljini, Tuzli, Grada\u010dcu i Lukavcu: Prona\u0111en skupocjeni nakit, automobili, novac&#8230; Fokus.ba<\/p>\n","protected":false},"author":1,"featured_media":31634,"comment_status":"open","ping_status":"open","sticky":false,"template":"","format":"standard","meta":{"_siteseo_robots_primary_cat":"","footnotes":""},"categories":[],"tags":[],"class_list":["post-31633","post","type-post","status-publish","format-standard","has-post-thumbnail"],"_links":{"self":[{"href":"https:\/\/modusportal.ba\/mojevijesti\/wp-json\/wp\/v2\/posts\/31633","targetHints":{"allow":["GET"]}}],"collection":[{"href":"https:\/\/modusportal.ba\/mojevijesti\/wp-json\/wp\/v2\/posts"}],"about":[{"href":"https:\/\/modusportal.ba\/mojevijesti\/wp-json\/wp\/v2\/types\/post"}],"author":[{"embeddable":true,"href":"https:\/\/modusportal.ba\/mojevijesti\/wp-json\/wp\/v2\/users\/1"}],"replies":[{"embeddable":true,"href":"https:\/\/modusportal.ba\/mojevijesti\/wp-json\/wp\/v2\/comments?post=31633"}],"version-history":[{"count":0,"href":"https:\/\/modusportal.ba\/mojevijesti\/wp-json\/wp\/v2\/posts\/31633\/revisions"}],"wp:featuredmedia":[{"embeddable":true,"href":"https:\/\/modusportal.ba\/mojevijesti\/wp-json\/wp\/v2\/media\/31634"}],"wp:attachment":[{"href":"https:\/\/modusportal.ba\/mojevijesti\/wp-json\/wp\/v2\/media?parent=31633"}],"wp:term":[{"taxonomy":"category","embeddable":true,"href":"https:\/\/modusportal.ba\/mojevijesti\/wp-json\/wp\/v2\/categories?post=31633"},{"taxonomy":"post_tag","embeddable":true,"href":"https:\/\/modusportal.ba\/mojevijesti\/wp-json\/wp\/v2\/tags?post=31633"}],"curies":[{"name":"wp","href":"https:\/\/api.w.org\/{rel}","templated":true}]}}