{"id":31635,"date":"2026-03-10T21:24:32","date_gmt":"2026-03-10T21:24:32","guid":{"rendered":"https:\/\/modusportal.ba\/mojevijesti\/2026\/03\/10\/omogucena-evakuacija-bh-drzavljana-s-bliskog-istoka-i-komercijalnim-letovima\/"},"modified":"2026-03-10T21:24:32","modified_gmt":"2026-03-10T21:24:32","slug":"omogucena-evakuacija-bh-drzavljana-s-bliskog-istoka-i-komercijalnim-letovima","status":"publish","type":"post","link":"https:\/\/modusportal.ba\/mojevijesti\/2026\/03\/10\/omogucena-evakuacija-bh-drzavljana-s-bliskog-istoka-i-komercijalnim-letovima\/","title":{"rendered":"Omogu\u0107ena evakuacija bh. dr\u017eavljana s Bliskog istoka i komercijalnim letovima"},"content":{"rendered":"<p><\/p>\n<p><img loading=\"lazy\" decoding=\"async\" loading=\"lazy\" width=\"1024\" height=\"538\" src=\"https:\/\/cdn.fokus.ba\/wp-content\/uploads\/2025\/12\/vijece-ministara-bih-1024x538.webp\" class=\"attachment-large size-large wp-post-image\" alt=\"Sjednica Vije\u0107a ministara BiH\"><\/p>\n<p>&#8220;Omogu\u0107ena u\u010dinkovitija i prohodnija realizacija pro\u0161lonedjeljne odluke Vije\u0107a ministara BiH, kojom je odobreno 800.000 KM&#8221;<\/p>\n<p><a href=\"https:\/\/www.fokus.ba\/vijesti\/bih\/omogucena-evakuacija-bh-drzavljana-s-bliskog-istoka-i-komercijalnim-letovima\/3534336\/\">Fokus.ba <\/a><\/p>\n","protected":false},"excerpt":{"rendered":"<p>&#8220;Omogu\u0107ena u\u010dinkovitija i prohodnija realizacija pro\u0161lonedjeljne odluke Vije\u0107a ministara BiH, kojom je odobreno 800.000 KM&#8221; Fokus.ba<\/p>\n","protected":false},"author":1,"featured_media":31636,"comment_status":"open","ping_status":"open","sticky":false,"template":"","format":"standard","meta":{"_siteseo_robots_primary_cat":"","footnotes":""},"categories":[],"tags":[],"class_list":["post-31635","post","type-post","status-publish","format-standard","has-post-thumbnail"],"_links":{"self":[{"href":"https:\/\/modusportal.ba\/mojevijesti\/wp-json\/wp\/v2\/posts\/31635","targetHints":{"allow":["GET"]}}],"collection":[{"href":"https:\/\/modusportal.ba\/mojevijesti\/wp-json\/wp\/v2\/posts"}],"about":[{"href":"https:\/\/modusportal.ba\/mojevijesti\/wp-json\/wp\/v2\/types\/post"}],"author":[{"embeddable":true,"href":"https:\/\/modusportal.ba\/mojevijesti\/wp-json\/wp\/v2\/users\/1"}],"replies":[{"embeddable":true,"href":"https:\/\/modusportal.ba\/mojevijesti\/wp-json\/wp\/v2\/comments?post=31635"}],"version-history":[{"count":0,"href":"https:\/\/modusportal.ba\/mojevijesti\/wp-json\/wp\/v2\/posts\/31635\/revisions"}],"wp:featuredmedia":[{"embeddable":true,"href":"https:\/\/modusportal.ba\/mojevijesti\/wp-json\/wp\/v2\/media\/31636"}],"wp:attachment":[{"href":"https:\/\/modusportal.ba\/mojevijesti\/wp-json\/wp\/v2\/media?parent=31635"}],"wp:term":[{"taxonomy":"category","embeddable":true,"href":"https:\/\/modusportal.ba\/mojevijesti\/wp-json\/wp\/v2\/categories?post=31635"},{"taxonomy":"post_tag","embeddable":true,"href":"https:\/\/modusportal.ba\/mojevijesti\/wp-json\/wp\/v2\/tags?post=31635"}],"curies":[{"name":"wp","href":"https:\/\/api.w.org\/{rel}","templated":true}]}}