{"id":31663,"date":"2026-03-14T16:10:57","date_gmt":"2026-03-14T16:10:57","guid":{"rendered":"https:\/\/modusportal.ba\/mojevijesti\/2026\/03\/14\/kasumovic-mafijaska-i-radikalizirana-sda-podnijela-je-111-prijavu-protiv-mene\/"},"modified":"2026-03-14T16:10:57","modified_gmt":"2026-03-14T16:10:57","slug":"kasumovic-mafijaska-i-radikalizirana-sda-podnijela-je-111-prijavu-protiv-mene","status":"publish","type":"post","link":"https:\/\/modusportal.ba\/mojevijesti\/2026\/03\/14\/kasumovic-mafijaska-i-radikalizirana-sda-podnijela-je-111-prijavu-protiv-mene\/","title":{"rendered":"Kasumovi\u0107: Mafija\u0161ka i radikalizirana SDA podnijela je 111. prijavu protiv mene"},"content":{"rendered":"<p><\/p>\n<p><img loading=\"lazy\" decoding=\"async\" loading=\"lazy\" width=\"1024\" height=\"538\" src=\"https:\/\/cdn.fokus.ba\/wp-content\/uploads\/2023\/04\/fuad-kasumovic-1024x538.jpg\" class=\"attachment-large size-large wp-post-image\" alt=\"\"><\/p>\n<p>Potpuno neutemeljeno poku\u0161avati tehni\u010dku gre\u0161ku u materijalu, koja je transparentno uo\u010dena i odmah ispravljena, predstavljati kao nepravilnost ili osnov za politi\u010dke optu\u017ebe.<\/p>\n<p><a href=\"https:\/\/www.fokus.ba\/vijesti\/bih\/kasumovic-mafijaska-i-radikalizirana-sda-podnijela-je-111-prijavu-protiv-mene\/3535285\/\">Fokus.ba <\/a><\/p>\n","protected":false},"excerpt":{"rendered":"<p>Potpuno neutemeljeno poku\u0161avati tehni\u010dku gre\u0161ku u materijalu, koja je transparentno uo\u010dena i odmah ispravljena, predstavljati kao nepravilnost ili osnov za politi\u010dke optu\u017ebe. Fokus.ba<\/p>\n","protected":false},"author":1,"featured_media":0,"comment_status":"open","ping_status":"open","sticky":false,"template":"","format":"standard","meta":{"_siteseo_robots_primary_cat":"","footnotes":""},"categories":[],"tags":[],"class_list":["post-31663","post","type-post","status-publish","format-standard"],"_links":{"self":[{"href":"https:\/\/modusportal.ba\/mojevijesti\/wp-json\/wp\/v2\/posts\/31663","targetHints":{"allow":["GET"]}}],"collection":[{"href":"https:\/\/modusportal.ba\/mojevijesti\/wp-json\/wp\/v2\/posts"}],"about":[{"href":"https:\/\/modusportal.ba\/mojevijesti\/wp-json\/wp\/v2\/types\/post"}],"author":[{"embeddable":true,"href":"https:\/\/modusportal.ba\/mojevijesti\/wp-json\/wp\/v2\/users\/1"}],"replies":[{"embeddable":true,"href":"https:\/\/modusportal.ba\/mojevijesti\/wp-json\/wp\/v2\/comments?post=31663"}],"version-history":[{"count":0,"href":"https:\/\/modusportal.ba\/mojevijesti\/wp-json\/wp\/v2\/posts\/31663\/revisions"}],"wp:attachment":[{"href":"https:\/\/modusportal.ba\/mojevijesti\/wp-json\/wp\/v2\/media?parent=31663"}],"wp:term":[{"taxonomy":"category","embeddable":true,"href":"https:\/\/modusportal.ba\/mojevijesti\/wp-json\/wp\/v2\/categories?post=31663"},{"taxonomy":"post_tag","embeddable":true,"href":"https:\/\/modusportal.ba\/mojevijesti\/wp-json\/wp\/v2\/tags?post=31663"}],"curies":[{"name":"wp","href":"https:\/\/api.w.org\/{rel}","templated":true}]}}