{"id":31667,"date":"2026-03-15T04:18:24","date_gmt":"2026-03-15T04:18:24","guid":{"rendered":"https:\/\/modusportal.ba\/mojevijesti\/2026\/03\/15\/sanja-vulic-pucala-na-zakon-u-bih-pa-pogodila-vladu-srbije\/"},"modified":"2026-03-15T04:18:24","modified_gmt":"2026-03-15T04:18:24","slug":"sanja-vulic-pucala-na-zakon-u-bih-pa-pogodila-vladu-srbije","status":"publish","type":"post","link":"https:\/\/modusportal.ba\/mojevijesti\/2026\/03\/15\/sanja-vulic-pucala-na-zakon-u-bih-pa-pogodila-vladu-srbije\/","title":{"rendered":"Sanja Vuli\u0107 pucala na zakon u BiH, pa pogodila Vladu Srbije"},"content":{"rendered":"<p><\/p>\n<p><img loading=\"lazy\" decoding=\"async\" loading=\"lazy\" width=\"1024\" height=\"538\" src=\"https:\/\/cdn.fokus.ba\/wp-content\/uploads\/2025\/02\/magazinovic-1024x538.webp\" class=\"attachment-large size-large wp-post-image\" alt=\"Sa\u0161a Magazinovi\u0107\"><\/p>\n<p>Je li to Vuli\u0107, jednako kao gra\u0111anima BiH, poru\u010duje gra\u0111anima Srbije da \u0107e ostati bez plata jer je njihova vlada za 20% smanjila iznos akciza?<\/p>\n<p><a href=\"https:\/\/www.fokus.ba\/vijesti\/bih\/sanja-vulic-pucala-na-zakon-u-bih-pa-pogodila-vladu-srbije\/3535301\/\">Fokus.ba <\/a><\/p>\n","protected":false},"excerpt":{"rendered":"<p>Je li to Vuli\u0107, jednako kao gra\u0111anima BiH, poru\u010duje gra\u0111anima Srbije da \u0107e ostati bez plata jer je njihova vlada za 20% smanjila iznos akciza? Fokus.ba<\/p>\n","protected":false},"author":1,"featured_media":31668,"comment_status":"open","ping_status":"open","sticky":false,"template":"","format":"standard","meta":{"_siteseo_robots_primary_cat":"","footnotes":""},"categories":[],"tags":[],"class_list":["post-31667","post","type-post","status-publish","format-standard","has-post-thumbnail"],"_links":{"self":[{"href":"https:\/\/modusportal.ba\/mojevijesti\/wp-json\/wp\/v2\/posts\/31667","targetHints":{"allow":["GET"]}}],"collection":[{"href":"https:\/\/modusportal.ba\/mojevijesti\/wp-json\/wp\/v2\/posts"}],"about":[{"href":"https:\/\/modusportal.ba\/mojevijesti\/wp-json\/wp\/v2\/types\/post"}],"author":[{"embeddable":true,"href":"https:\/\/modusportal.ba\/mojevijesti\/wp-json\/wp\/v2\/users\/1"}],"replies":[{"embeddable":true,"href":"https:\/\/modusportal.ba\/mojevijesti\/wp-json\/wp\/v2\/comments?post=31667"}],"version-history":[{"count":0,"href":"https:\/\/modusportal.ba\/mojevijesti\/wp-json\/wp\/v2\/posts\/31667\/revisions"}],"wp:featuredmedia":[{"embeddable":true,"href":"https:\/\/modusportal.ba\/mojevijesti\/wp-json\/wp\/v2\/media\/31668"}],"wp:attachment":[{"href":"https:\/\/modusportal.ba\/mojevijesti\/wp-json\/wp\/v2\/media?parent=31667"}],"wp:term":[{"taxonomy":"category","embeddable":true,"href":"https:\/\/modusportal.ba\/mojevijesti\/wp-json\/wp\/v2\/categories?post=31667"},{"taxonomy":"post_tag","embeddable":true,"href":"https:\/\/modusportal.ba\/mojevijesti\/wp-json\/wp\/v2\/tags?post=31667"}],"curies":[{"name":"wp","href":"https:\/\/api.w.org\/{rel}","templated":true}]}}