{"id":31675,"date":"2026-03-16T04:35:01","date_gmt":"2026-03-16T04:35:01","guid":{"rendered":"https:\/\/modusportal.ba\/mojevijesti\/2026\/03\/16\/vlasnik-stada-ovaca-u-bih-jutros-zatekao-stravican-prizor-katastrofa-je-sta-su-napravili\/"},"modified":"2026-03-16T04:35:01","modified_gmt":"2026-03-16T04:35:01","slug":"vlasnik-stada-ovaca-u-bih-jutros-zatekao-stravican-prizor-katastrofa-je-sta-su-napravili","status":"publish","type":"post","link":"https:\/\/modusportal.ba\/mojevijesti\/2026\/03\/16\/vlasnik-stada-ovaca-u-bih-jutros-zatekao-stravican-prizor-katastrofa-je-sta-su-napravili\/","title":{"rendered":"Vlasnik stada ovaca u BiH jutros zatekao stravi\u010dan prizor: \u201cKatastrofa je \u0161ta su napravili\u201d"},"content":{"rendered":"<p><\/p>\n<p><img loading=\"lazy\" decoding=\"async\" loading=\"lazy\" width=\"1024\" height=\"538\" src=\"https:\/\/cdn.fokus.ba\/wp-content\/uploads\/2026\/03\/ovce-orovac-1-1536x1488-1-1024x538.jpg\" class=\"attachment-large size-large wp-post-image\" alt=\"Psi napali stado ovaca\"><\/p>\n<p>\u201eKatastrofa je \u0161ta su napravili\u201c, rekao je Gruba\u010d dodaju\u0107i da je od jo\u0161 ve\u0107e \u0161tete stado spasio kom\u0161ija koji je uspio da otjera pse<\/p>\n<p><a href=\"https:\/\/www.fokus.ba\/vijesti\/bih\/vlasnik-stada-ovaca-u-bih-jutros-zatekao-stravican-prizor-katastrofa-je-sta-su-napravili\/3535395\/\">Fokus.ba <\/a><\/p>\n","protected":false},"excerpt":{"rendered":"<p>\u201eKatastrofa je \u0161ta su napravili\u201c, rekao je Gruba\u010d dodaju\u0107i da je od jo\u0161 ve\u0107e \u0161tete stado spasio kom\u0161ija koji je uspio da otjera pse Fokus.ba<\/p>\n","protected":false},"author":1,"featured_media":0,"comment_status":"open","ping_status":"open","sticky":false,"template":"","format":"standard","meta":{"_siteseo_robots_primary_cat":"","footnotes":""},"categories":[],"tags":[],"class_list":["post-31675","post","type-post","status-publish","format-standard"],"_links":{"self":[{"href":"https:\/\/modusportal.ba\/mojevijesti\/wp-json\/wp\/v2\/posts\/31675","targetHints":{"allow":["GET"]}}],"collection":[{"href":"https:\/\/modusportal.ba\/mojevijesti\/wp-json\/wp\/v2\/posts"}],"about":[{"href":"https:\/\/modusportal.ba\/mojevijesti\/wp-json\/wp\/v2\/types\/post"}],"author":[{"embeddable":true,"href":"https:\/\/modusportal.ba\/mojevijesti\/wp-json\/wp\/v2\/users\/1"}],"replies":[{"embeddable":true,"href":"https:\/\/modusportal.ba\/mojevijesti\/wp-json\/wp\/v2\/comments?post=31675"}],"version-history":[{"count":0,"href":"https:\/\/modusportal.ba\/mojevijesti\/wp-json\/wp\/v2\/posts\/31675\/revisions"}],"wp:attachment":[{"href":"https:\/\/modusportal.ba\/mojevijesti\/wp-json\/wp\/v2\/media?parent=31675"}],"wp:term":[{"taxonomy":"category","embeddable":true,"href":"https:\/\/modusportal.ba\/mojevijesti\/wp-json\/wp\/v2\/categories?post=31675"},{"taxonomy":"post_tag","embeddable":true,"href":"https:\/\/modusportal.ba\/mojevijesti\/wp-json\/wp\/v2\/tags?post=31675"}],"curies":[{"name":"wp","href":"https:\/\/api.w.org\/{rel}","templated":true}]}}