{"id":31689,"date":"2026-03-17T23:00:17","date_gmt":"2026-03-17T23:00:17","guid":{"rendered":"https:\/\/modusportal.ba\/mojevijesti\/2026\/03\/17\/minic-na-celu-nove-stare-vlade-rs-ovo-ce-nas-dodatno-osnaziti\/"},"modified":"2026-03-17T23:00:17","modified_gmt":"2026-03-17T23:00:17","slug":"minic-na-celu-nove-stare-vlade-rs-ovo-ce-nas-dodatno-osnaziti","status":"publish","type":"post","link":"https:\/\/modusportal.ba\/mojevijesti\/2026\/03\/17\/minic-na-celu-nove-stare-vlade-rs-ovo-ce-nas-dodatno-osnaziti\/","title":{"rendered":"Mini\u0107 na \u010delu nove-stare Vlade RS: \u201cOvo \u0107e nas dodatno osna\u017eiti\u201d"},"content":{"rendered":"<p><\/p>\n<p><img loading=\"lazy\" decoding=\"async\" loading=\"lazy\" width=\"1024\" height=\"538\" src=\"https:\/\/cdn.fokus.ba\/wp-content\/uploads\/2026\/01\/savo-minic-2-1024x538.webp\" class=\"attachment-large size-large wp-post-image\" alt=\"Savo Mini\u0107 u NSRS-u\"><\/p>\n<p>&#8220;Vlada RS \u0107e funkcionisati u istom kapacitetu i niko je ne\u0107e mo\u0107i osporavati&#8221;, rekao je Mini\u0107 i zahvalio poslanicima za konstruktivnu raspravu<\/p>\n<p><a href=\"https:\/\/www.fokus.ba\/vijesti\/bih\/minic-na-celu-nove-stare-vlade-rs-ovo-ce-nas-dodatno-osnaziti\/3535871\/\">Fokus.ba <\/a><\/p>\n","protected":false},"excerpt":{"rendered":"<p>&#8220;Vlada RS \u0107e funkcionisati u istom kapacitetu i niko je ne\u0107e mo\u0107i osporavati&#8221;, rekao je Mini\u0107 i zahvalio poslanicima za konstruktivnu raspravu Fokus.ba<\/p>\n","protected":false},"author":1,"featured_media":31690,"comment_status":"open","ping_status":"open","sticky":false,"template":"","format":"standard","meta":{"_siteseo_robots_primary_cat":"","footnotes":""},"categories":[],"tags":[],"class_list":["post-31689","post","type-post","status-publish","format-standard","has-post-thumbnail"],"_links":{"self":[{"href":"https:\/\/modusportal.ba\/mojevijesti\/wp-json\/wp\/v2\/posts\/31689","targetHints":{"allow":["GET"]}}],"collection":[{"href":"https:\/\/modusportal.ba\/mojevijesti\/wp-json\/wp\/v2\/posts"}],"about":[{"href":"https:\/\/modusportal.ba\/mojevijesti\/wp-json\/wp\/v2\/types\/post"}],"author":[{"embeddable":true,"href":"https:\/\/modusportal.ba\/mojevijesti\/wp-json\/wp\/v2\/users\/1"}],"replies":[{"embeddable":true,"href":"https:\/\/modusportal.ba\/mojevijesti\/wp-json\/wp\/v2\/comments?post=31689"}],"version-history":[{"count":0,"href":"https:\/\/modusportal.ba\/mojevijesti\/wp-json\/wp\/v2\/posts\/31689\/revisions"}],"wp:featuredmedia":[{"embeddable":true,"href":"https:\/\/modusportal.ba\/mojevijesti\/wp-json\/wp\/v2\/media\/31690"}],"wp:attachment":[{"href":"https:\/\/modusportal.ba\/mojevijesti\/wp-json\/wp\/v2\/media?parent=31689"}],"wp:term":[{"taxonomy":"category","embeddable":true,"href":"https:\/\/modusportal.ba\/mojevijesti\/wp-json\/wp\/v2\/categories?post=31689"},{"taxonomy":"post_tag","embeddable":true,"href":"https:\/\/modusportal.ba\/mojevijesti\/wp-json\/wp\/v2\/tags?post=31689"}],"curies":[{"name":"wp","href":"https:\/\/api.w.org\/{rel}","templated":true}]}}