{"id":31693,"date":"2026-03-18T11:15:12","date_gmt":"2026-03-18T11:15:12","guid":{"rendered":"https:\/\/modusportal.ba\/mojevijesti\/2026\/03\/18\/u-briselu-su-bih-poceli-nazivati-zarobljenom-drzavom\/"},"modified":"2026-03-18T11:15:12","modified_gmt":"2026-03-18T11:15:12","slug":"u-briselu-su-bih-poceli-nazivati-zarobljenom-drzavom","status":"publish","type":"post","link":"https:\/\/modusportal.ba\/mojevijesti\/2026\/03\/18\/u-briselu-su-bih-poceli-nazivati-zarobljenom-drzavom\/","title":{"rendered":"U Briselu su BiH po\u010deli nazivati \u201czarobljenom dr\u017eavom\u201d!"},"content":{"rendered":"<p><\/p>\n<p><img loading=\"lazy\" decoding=\"async\" loading=\"lazy\" width=\"1024\" height=\"538\" src=\"https:\/\/cdn.fokus.ba\/wp-content\/uploads\/2026\/03\/sa-sjednice-AFET-Foto-EU-1024x538.jpeg\" class=\"attachment-large size-large wp-post-image\" alt=\"Sa sjednice AFET-a\"><\/p>\n<p>U izvje\u0161taju Evropskog parlamenta o napretku BiH spomenut je termin &#8220;zarobljena dr\u017eava&#8221;. Ondrej Kolar: Dominiraju secesionisti\u010dke prijetnje<\/p>\n<p><a href=\"https:\/\/www.fokus.ba\/vijesti\/bih\/u-briselu-su-bih-poceli-nazivati-zarobljenom-drzavom\/3535903\/\">Fokus.ba <\/a><\/p>\n","protected":false},"excerpt":{"rendered":"<p>U izvje\u0161taju Evropskog parlamenta o napretku BiH spomenut je termin &#8220;zarobljena dr\u017eava&#8221;. Ondrej Kolar: Dominiraju secesionisti\u010dke prijetnje Fokus.ba<\/p>\n","protected":false},"author":1,"featured_media":0,"comment_status":"open","ping_status":"open","sticky":false,"template":"","format":"standard","meta":{"_siteseo_robots_primary_cat":"","footnotes":""},"categories":[],"tags":[],"class_list":["post-31693","post","type-post","status-publish","format-standard"],"_links":{"self":[{"href":"https:\/\/modusportal.ba\/mojevijesti\/wp-json\/wp\/v2\/posts\/31693","targetHints":{"allow":["GET"]}}],"collection":[{"href":"https:\/\/modusportal.ba\/mojevijesti\/wp-json\/wp\/v2\/posts"}],"about":[{"href":"https:\/\/modusportal.ba\/mojevijesti\/wp-json\/wp\/v2\/types\/post"}],"author":[{"embeddable":true,"href":"https:\/\/modusportal.ba\/mojevijesti\/wp-json\/wp\/v2\/users\/1"}],"replies":[{"embeddable":true,"href":"https:\/\/modusportal.ba\/mojevijesti\/wp-json\/wp\/v2\/comments?post=31693"}],"version-history":[{"count":0,"href":"https:\/\/modusportal.ba\/mojevijesti\/wp-json\/wp\/v2\/posts\/31693\/revisions"}],"wp:attachment":[{"href":"https:\/\/modusportal.ba\/mojevijesti\/wp-json\/wp\/v2\/media?parent=31693"}],"wp:term":[{"taxonomy":"category","embeddable":true,"href":"https:\/\/modusportal.ba\/mojevijesti\/wp-json\/wp\/v2\/categories?post=31693"},{"taxonomy":"post_tag","embeddable":true,"href":"https:\/\/modusportal.ba\/mojevijesti\/wp-json\/wp\/v2\/tags?post=31693"}],"curies":[{"name":"wp","href":"https:\/\/api.w.org\/{rel}","templated":true}]}}