{"id":31729,"date":"2026-03-23T06:18:26","date_gmt":"2026-03-23T06:18:26","guid":{"rendered":"https:\/\/modusportal.ba\/mojevijesti\/2026\/03\/23\/protesti-prevoznika-u-bih-najavljene-blokade-granica-u-dijelovima-bih-zabrane\/"},"modified":"2026-03-23T06:18:26","modified_gmt":"2026-03-23T06:18:26","slug":"protesti-prevoznika-u-bih-najavljene-blokade-granica-u-dijelovima-bih-zabrane","status":"publish","type":"post","link":"https:\/\/modusportal.ba\/mojevijesti\/2026\/03\/23\/protesti-prevoznika-u-bih-najavljene-blokade-granica-u-dijelovima-bih-zabrane\/","title":{"rendered":"Protesti prevoznika u BiH: Najavljene blokade granica, u dijelovima BiH zabrane"},"content":{"rendered":"<p><\/p>\n<p><img loading=\"lazy\" decoding=\"async\" loading=\"lazy\" width=\"1024\" height=\"538\" src=\"https:\/\/cdn.fokus.ba\/wp-content\/uploads\/2025\/09\/prevoznici-protest-kamioni-1024x538.jpg\" class=\"attachment-large size-large wp-post-image\" alt=\"prevoznici protest kamioni\"><\/p>\n<p>Prevoznici u BiH najavili su proteste na grani\u010dnim prelazima zbog ograni\u010denja boravka voza\u010da u \u0160engenu<\/p>\n<p><a href=\"https:\/\/www.fokus.ba\/vijesti\/bih\/protesti-prevoznika-u-bih-najavljene-blokade-granica-u-nekim-kantonima-zabrane\/3536708\/\">Fokus.ba <\/a><\/p>\n","protected":false},"excerpt":{"rendered":"<p>Prevoznici u BiH najavili su proteste na grani\u010dnim prelazima zbog ograni\u010denja boravka voza\u010da u \u0160engenu Fokus.ba<\/p>\n","protected":false},"author":1,"featured_media":0,"comment_status":"open","ping_status":"open","sticky":false,"template":"","format":"standard","meta":{"_siteseo_robots_primary_cat":"","footnotes":""},"categories":[],"tags":[],"class_list":["post-31729","post","type-post","status-publish","format-standard"],"_links":{"self":[{"href":"https:\/\/modusportal.ba\/mojevijesti\/wp-json\/wp\/v2\/posts\/31729","targetHints":{"allow":["GET"]}}],"collection":[{"href":"https:\/\/modusportal.ba\/mojevijesti\/wp-json\/wp\/v2\/posts"}],"about":[{"href":"https:\/\/modusportal.ba\/mojevijesti\/wp-json\/wp\/v2\/types\/post"}],"author":[{"embeddable":true,"href":"https:\/\/modusportal.ba\/mojevijesti\/wp-json\/wp\/v2\/users\/1"}],"replies":[{"embeddable":true,"href":"https:\/\/modusportal.ba\/mojevijesti\/wp-json\/wp\/v2\/comments?post=31729"}],"version-history":[{"count":0,"href":"https:\/\/modusportal.ba\/mojevijesti\/wp-json\/wp\/v2\/posts\/31729\/revisions"}],"wp:attachment":[{"href":"https:\/\/modusportal.ba\/mojevijesti\/wp-json\/wp\/v2\/media?parent=31729"}],"wp:term":[{"taxonomy":"category","embeddable":true,"href":"https:\/\/modusportal.ba\/mojevijesti\/wp-json\/wp\/v2\/categories?post=31729"},{"taxonomy":"post_tag","embeddable":true,"href":"https:\/\/modusportal.ba\/mojevijesti\/wp-json\/wp\/v2\/tags?post=31729"}],"curies":[{"name":"wp","href":"https:\/\/api.w.org\/{rel}","templated":true}]}}