{"id":31762,"date":"2026-03-27T13:13:51","date_gmt":"2026-03-27T13:13:51","guid":{"rendered":"https:\/\/modusportal.ba\/mojevijesti\/2026\/03\/27\/samo-jedan-delegat-opravdao-odsustvo-dom-naroda-na-pocetku-sjednice-bez-kvoruma-za-rad\/"},"modified":"2026-03-27T13:13:51","modified_gmt":"2026-03-27T13:13:51","slug":"samo-jedan-delegat-opravdao-odsustvo-dom-naroda-na-pocetku-sjednice-bez-kvoruma-za-rad","status":"publish","type":"post","link":"https:\/\/modusportal.ba\/mojevijesti\/2026\/03\/27\/samo-jedan-delegat-opravdao-odsustvo-dom-naroda-na-pocetku-sjednice-bez-kvoruma-za-rad\/","title":{"rendered":"Samo jedan delegat opravdao odsustvo: Dom naroda na po\u010detku sjednice bez kvoruma za rad"},"content":{"rendered":"<p><\/p>\n<p><img loading=\"lazy\" decoding=\"async\" loading=\"lazy\" width=\"1024\" height=\"538\" src=\"https:\/\/cdn.fokus.ba\/wp-content\/uploads\/2026\/03\/dom-naroda-psbih-1024x538.webp\" class=\"attachment-large size-large wp-post-image\" alt=\"Sjednica Doma naroda PSBiH\"><\/p>\n<p>Dom naroda je danas, izme\u0111u ostalog, trebao razmatrati i zahtjev Predstavni\u010dkog doma dr\u017eavnog parlamenta da se Prijedlog zakona o dopuni Zakona o akcizama u Bosni i Hercegovini razmatra po hitnom postupku<\/p>\n<p><a href=\"https:\/\/www.fokus.ba\/vijesti\/bih\/samo-jedan-delegat-opravdao-odsustvo-dom-naroda-na-pocetku-sjednice-bez-kvoruma-za-rad\/3537913\/\">Fokus.ba <\/a><\/p>\n","protected":false},"excerpt":{"rendered":"<p>Dom naroda je danas, izme\u0111u ostalog, trebao razmatrati i zahtjev Predstavni\u010dkog doma dr\u017eavnog parlamenta da se Prijedlog zakona o dopuni Zakona o akcizama u Bosni i Hercegovini razmatra po hitnom postupku Fokus.ba<\/p>\n","protected":false},"author":1,"featured_media":31763,"comment_status":"open","ping_status":"open","sticky":false,"template":"","format":"standard","meta":{"_siteseo_robots_primary_cat":"","footnotes":""},"categories":[],"tags":[],"class_list":["post-31762","post","type-post","status-publish","format-standard","has-post-thumbnail"],"_links":{"self":[{"href":"https:\/\/modusportal.ba\/mojevijesti\/wp-json\/wp\/v2\/posts\/31762","targetHints":{"allow":["GET"]}}],"collection":[{"href":"https:\/\/modusportal.ba\/mojevijesti\/wp-json\/wp\/v2\/posts"}],"about":[{"href":"https:\/\/modusportal.ba\/mojevijesti\/wp-json\/wp\/v2\/types\/post"}],"author":[{"embeddable":true,"href":"https:\/\/modusportal.ba\/mojevijesti\/wp-json\/wp\/v2\/users\/1"}],"replies":[{"embeddable":true,"href":"https:\/\/modusportal.ba\/mojevijesti\/wp-json\/wp\/v2\/comments?post=31762"}],"version-history":[{"count":0,"href":"https:\/\/modusportal.ba\/mojevijesti\/wp-json\/wp\/v2\/posts\/31762\/revisions"}],"wp:featuredmedia":[{"embeddable":true,"href":"https:\/\/modusportal.ba\/mojevijesti\/wp-json\/wp\/v2\/media\/31763"}],"wp:attachment":[{"href":"https:\/\/modusportal.ba\/mojevijesti\/wp-json\/wp\/v2\/media?parent=31762"}],"wp:term":[{"taxonomy":"category","embeddable":true,"href":"https:\/\/modusportal.ba\/mojevijesti\/wp-json\/wp\/v2\/categories?post=31762"},{"taxonomy":"post_tag","embeddable":true,"href":"https:\/\/modusportal.ba\/mojevijesti\/wp-json\/wp\/v2\/tags?post=31762"}],"curies":[{"name":"wp","href":"https:\/\/api.w.org\/{rel}","templated":true}]}}