{"id":31770,"date":"2026-03-28T13:29:12","date_gmt":"2026-03-28T13:29:12","guid":{"rendered":"https:\/\/modusportal.ba\/mojevijesti\/2026\/03\/28\/sladic-otkrio-kad-prestaju-padavine-nadam-se-da-nece-doci-do-dramaticnog-scenarija\/"},"modified":"2026-03-28T13:29:12","modified_gmt":"2026-03-28T13:29:12","slug":"sladic-otkrio-kad-prestaju-padavine-nadam-se-da-nece-doci-do-dramaticnog-scenarija","status":"publish","type":"post","link":"https:\/\/modusportal.ba\/mojevijesti\/2026\/03\/28\/sladic-otkrio-kad-prestaju-padavine-nadam-se-da-nece-doci-do-dramaticnog-scenarija\/","title":{"rendered":"Sladi\u0107 otkrio kad prestaju padavine: \u201cNadam se da ne\u0107e do\u0107i do dramati\u010dnog scenarija\u201d"},"content":{"rendered":"<p><\/p>\n<p><img loading=\"lazy\" decoding=\"async\" loading=\"lazy\" width=\"1024\" height=\"538\" src=\"https:\/\/cdn.fokus.ba\/wp-content\/uploads\/2026\/03\/sladic-1024x538.jpg\" class=\"attachment-large size-large wp-post-image\" alt=\"Nedim Sladi\u0107\"><\/p>\n<p>&#8220;Nadamo se da ne\u0107e do\u0107i do dramati\u010dnog scenarija, ali treba pratiti stanje, posebno ono \u0161to \u0107e se de\u0161avati u utorak i srijedu\u201d<\/p>\n<p><a href=\"https:\/\/www.fokus.ba\/vijesti\/bih\/sladic-otkrio-kad-prestaju-padavine-nadam-se-da-nece-doci-do-dramaticnog-scenarija\/3538075\/\">Fokus.ba <\/a><\/p>\n","protected":false},"excerpt":{"rendered":"<p>&#8220;Nadamo se da ne\u0107e do\u0107i do dramati\u010dnog scenarija, ali treba pratiti stanje, posebno ono \u0161to \u0107e se de\u0161avati u utorak i srijedu\u201d Fokus.ba<\/p>\n","protected":false},"author":1,"featured_media":0,"comment_status":"open","ping_status":"open","sticky":false,"template":"","format":"standard","meta":{"_siteseo_robots_primary_cat":"","footnotes":""},"categories":[],"tags":[],"class_list":["post-31770","post","type-post","status-publish","format-standard"],"_links":{"self":[{"href":"https:\/\/modusportal.ba\/mojevijesti\/wp-json\/wp\/v2\/posts\/31770","targetHints":{"allow":["GET"]}}],"collection":[{"href":"https:\/\/modusportal.ba\/mojevijesti\/wp-json\/wp\/v2\/posts"}],"about":[{"href":"https:\/\/modusportal.ba\/mojevijesti\/wp-json\/wp\/v2\/types\/post"}],"author":[{"embeddable":true,"href":"https:\/\/modusportal.ba\/mojevijesti\/wp-json\/wp\/v2\/users\/1"}],"replies":[{"embeddable":true,"href":"https:\/\/modusportal.ba\/mojevijesti\/wp-json\/wp\/v2\/comments?post=31770"}],"version-history":[{"count":0,"href":"https:\/\/modusportal.ba\/mojevijesti\/wp-json\/wp\/v2\/posts\/31770\/revisions"}],"wp:attachment":[{"href":"https:\/\/modusportal.ba\/mojevijesti\/wp-json\/wp\/v2\/media?parent=31770"}],"wp:term":[{"taxonomy":"category","embeddable":true,"href":"https:\/\/modusportal.ba\/mojevijesti\/wp-json\/wp\/v2\/categories?post=31770"},{"taxonomy":"post_tag","embeddable":true,"href":"https:\/\/modusportal.ba\/mojevijesti\/wp-json\/wp\/v2\/tags?post=31770"}],"curies":[{"name":"wp","href":"https:\/\/api.w.org\/{rel}","templated":true}]}}