{"id":31778,"date":"2026-03-29T13:40:47","date_gmt":"2026-03-29T13:40:47","guid":{"rendered":"https:\/\/modusportal.ba\/mojevijesti\/2026\/03\/29\/kemal-ademovic-napustio-sam-stranku-narod-i-pravda\/"},"modified":"2026-03-29T13:40:47","modified_gmt":"2026-03-29T13:40:47","slug":"kemal-ademovic-napustio-sam-stranku-narod-i-pravda","status":"publish","type":"post","link":"https:\/\/modusportal.ba\/mojevijesti\/2026\/03\/29\/kemal-ademovic-napustio-sam-stranku-narod-i-pravda\/","title":{"rendered":"Kemal Ademovi\u0107: Napustio sam stranku Narod i pravda"},"content":{"rendered":"<p><\/p>\n<p><img loading=\"lazy\" decoding=\"async\" loading=\"lazy\" width=\"1024\" height=\"538\" src=\"https:\/\/cdn.fokus.ba\/wp-content\/uploads\/2026\/03\/kemal-ademovic-1024x538.jpg\" class=\"attachment-large size-large wp-post-image\" alt=\"Kemal Ademovi\u0107\"><\/p>\n<p>&#8220;Obavje\u0161tavam javnost da sam danas podnio ostavku na sve strana\u010dke funkcije i istupio iz \u010dlanstva u stranci Narod i pravda&#8221;, objavio je Ademovi\u0107<\/p>\n<p><a href=\"https:\/\/www.fokus.ba\/vijesti\/bih\/kemal-ademovic-napustio-sam-stranku-narod-i-pravda\/3538178\/\">Fokus.ba <\/a><\/p>\n","protected":false},"excerpt":{"rendered":"<p>&#8220;Obavje\u0161tavam javnost da sam danas podnio ostavku na sve strana\u010dke funkcije i istupio iz \u010dlanstva u stranci Narod i pravda&#8221;, objavio je Ademovi\u0107 Fokus.ba<\/p>\n","protected":false},"author":1,"featured_media":0,"comment_status":"open","ping_status":"open","sticky":false,"template":"","format":"standard","meta":{"_siteseo_robots_primary_cat":"","footnotes":""},"categories":[],"tags":[],"class_list":["post-31778","post","type-post","status-publish","format-standard"],"_links":{"self":[{"href":"https:\/\/modusportal.ba\/mojevijesti\/wp-json\/wp\/v2\/posts\/31778","targetHints":{"allow":["GET"]}}],"collection":[{"href":"https:\/\/modusportal.ba\/mojevijesti\/wp-json\/wp\/v2\/posts"}],"about":[{"href":"https:\/\/modusportal.ba\/mojevijesti\/wp-json\/wp\/v2\/types\/post"}],"author":[{"embeddable":true,"href":"https:\/\/modusportal.ba\/mojevijesti\/wp-json\/wp\/v2\/users\/1"}],"replies":[{"embeddable":true,"href":"https:\/\/modusportal.ba\/mojevijesti\/wp-json\/wp\/v2\/comments?post=31778"}],"version-history":[{"count":0,"href":"https:\/\/modusportal.ba\/mojevijesti\/wp-json\/wp\/v2\/posts\/31778\/revisions"}],"wp:attachment":[{"href":"https:\/\/modusportal.ba\/mojevijesti\/wp-json\/wp\/v2\/media?parent=31778"}],"wp:term":[{"taxonomy":"category","embeddable":true,"href":"https:\/\/modusportal.ba\/mojevijesti\/wp-json\/wp\/v2\/categories?post=31778"},{"taxonomy":"post_tag","embeddable":true,"href":"https:\/\/modusportal.ba\/mojevijesti\/wp-json\/wp\/v2\/tags?post=31778"}],"curies":[{"name":"wp","href":"https:\/\/api.w.org\/{rel}","templated":true}]}}