{"id":31783,"date":"2026-03-30T07:56:15","date_gmt":"2026-03-30T07:56:15","guid":{"rendered":"https:\/\/modusportal.ba\/mojevijesti\/2026\/03\/30\/zabrana-tocenja-goriva-u-kanistere-na-benzinskim-pumpama-oglasilo-se-ministarstvo\/"},"modified":"2026-03-30T07:56:15","modified_gmt":"2026-03-30T07:56:15","slug":"zabrana-tocenja-goriva-u-kanistere-na-benzinskim-pumpama-oglasilo-se-ministarstvo","status":"publish","type":"post","link":"https:\/\/modusportal.ba\/mojevijesti\/2026\/03\/30\/zabrana-tocenja-goriva-u-kanistere-na-benzinskim-pumpama-oglasilo-se-ministarstvo\/","title":{"rendered":"Zabrana to\u010denja goriva u kanistere na benzinskim pumpama: Oglasilo se Ministarstvo"},"content":{"rendered":"<p><\/p>\n<p><img loading=\"lazy\" decoding=\"async\" loading=\"lazy\" width=\"1024\" height=\"538\" src=\"https:\/\/cdn.fokus.ba\/wp-content\/uploads\/2026\/03\/gorivo-cijene-1024x538.webp\" class=\"attachment-large size-large wp-post-image\" alt=\"gorivo cijene\"><\/p>\n<p>Od Ministarstva trgovine FBiH zatra\u017eeno da donese odluku o zabrani to\u010denja goriva u dodatne spremnike, ali i utvr\u0111ivanje prioriteta kod to\u010denja goriva<\/p>\n<p><a href=\"https:\/\/www.fokus.ba\/vijesti\/bih\/zabrana-tocenja-goriva-u-kanistere-na-benzinskim-pumpama-oglasilo-se-ministarstvo\/3538276\/\">Fokus.ba <\/a><\/p>\n","protected":false},"excerpt":{"rendered":"<p>Od Ministarstva trgovine FBiH zatra\u017eeno da donese odluku o zabrani to\u010denja goriva u dodatne spremnike, ali i utvr\u0111ivanje prioriteta kod to\u010denja goriva Fokus.ba<\/p>\n","protected":false},"author":1,"featured_media":31784,"comment_status":"open","ping_status":"open","sticky":false,"template":"","format":"standard","meta":{"_siteseo_robots_primary_cat":"","footnotes":""},"categories":[],"tags":[],"class_list":["post-31783","post","type-post","status-publish","format-standard","has-post-thumbnail"],"_links":{"self":[{"href":"https:\/\/modusportal.ba\/mojevijesti\/wp-json\/wp\/v2\/posts\/31783","targetHints":{"allow":["GET"]}}],"collection":[{"href":"https:\/\/modusportal.ba\/mojevijesti\/wp-json\/wp\/v2\/posts"}],"about":[{"href":"https:\/\/modusportal.ba\/mojevijesti\/wp-json\/wp\/v2\/types\/post"}],"author":[{"embeddable":true,"href":"https:\/\/modusportal.ba\/mojevijesti\/wp-json\/wp\/v2\/users\/1"}],"replies":[{"embeddable":true,"href":"https:\/\/modusportal.ba\/mojevijesti\/wp-json\/wp\/v2\/comments?post=31783"}],"version-history":[{"count":0,"href":"https:\/\/modusportal.ba\/mojevijesti\/wp-json\/wp\/v2\/posts\/31783\/revisions"}],"wp:featuredmedia":[{"embeddable":true,"href":"https:\/\/modusportal.ba\/mojevijesti\/wp-json\/wp\/v2\/media\/31784"}],"wp:attachment":[{"href":"https:\/\/modusportal.ba\/mojevijesti\/wp-json\/wp\/v2\/media?parent=31783"}],"wp:term":[{"taxonomy":"category","embeddable":true,"href":"https:\/\/modusportal.ba\/mojevijesti\/wp-json\/wp\/v2\/categories?post=31783"},{"taxonomy":"post_tag","embeddable":true,"href":"https:\/\/modusportal.ba\/mojevijesti\/wp-json\/wp\/v2\/tags?post=31783"}],"curies":[{"name":"wp","href":"https:\/\/api.w.org\/{rel}","templated":true}]}}