{"id":31789,"date":"2026-03-31T02:01:43","date_gmt":"2026-03-31T02:01:43","guid":{"rendered":"https:\/\/modusportal.ba\/mojevijesti\/2026\/03\/31\/nakon-napada-na-hrvatskog-konzula-oglasio-se-stanivukovic\/"},"modified":"2026-03-31T02:01:43","modified_gmt":"2026-03-31T02:01:43","slug":"nakon-napada-na-hrvatskog-konzula-oglasio-se-stanivukovic","status":"publish","type":"post","link":"https:\/\/modusportal.ba\/mojevijesti\/2026\/03\/31\/nakon-napada-na-hrvatskog-konzula-oglasio-se-stanivukovic\/","title":{"rendered":"Nakon napada na hrvatskog konzula oglasio se Stanivukovi\u0107"},"content":{"rendered":"<p><\/p>\n<p><img loading=\"lazy\" decoding=\"async\" loading=\"lazy\" width=\"1024\" height=\"538\" src=\"https:\/\/cdn.fokus.ba\/wp-content\/uploads\/2026\/02\/drasko-stanivukovic-1024x538.jpg\" class=\"attachment-large size-large wp-post-image\" alt=\"Gradona\u010delnik Banje Luke Dra\u0161ko Stanivukovi\u0107\"><\/p>\n<p>Pozvao je nadle\u017ene institucije da hitno istra\u017ee ovaj incident i preduzmu sve potrebne mjere kako bi po\u010dinioci bili sankcionisani<\/p>\n<p><a href=\"https:\/\/www.fokus.ba\/vijesti\/bih\/nakon-napada-na-hrvatskog-konzula-oglasio-se-stanivukovic\/3538426\/\">Fokus.ba <\/a><\/p>\n","protected":false},"excerpt":{"rendered":"<p>Pozvao je nadle\u017ene institucije da hitno istra\u017ee ovaj incident i preduzmu sve potrebne mjere kako bi po\u010dinioci bili sankcionisani Fokus.ba<\/p>\n","protected":false},"author":1,"featured_media":0,"comment_status":"open","ping_status":"open","sticky":false,"template":"","format":"standard","meta":{"_siteseo_robots_primary_cat":"","footnotes":""},"categories":[],"tags":[],"class_list":["post-31789","post","type-post","status-publish","format-standard"],"_links":{"self":[{"href":"https:\/\/modusportal.ba\/mojevijesti\/wp-json\/wp\/v2\/posts\/31789","targetHints":{"allow":["GET"]}}],"collection":[{"href":"https:\/\/modusportal.ba\/mojevijesti\/wp-json\/wp\/v2\/posts"}],"about":[{"href":"https:\/\/modusportal.ba\/mojevijesti\/wp-json\/wp\/v2\/types\/post"}],"author":[{"embeddable":true,"href":"https:\/\/modusportal.ba\/mojevijesti\/wp-json\/wp\/v2\/users\/1"}],"replies":[{"embeddable":true,"href":"https:\/\/modusportal.ba\/mojevijesti\/wp-json\/wp\/v2\/comments?post=31789"}],"version-history":[{"count":0,"href":"https:\/\/modusportal.ba\/mojevijesti\/wp-json\/wp\/v2\/posts\/31789\/revisions"}],"wp:attachment":[{"href":"https:\/\/modusportal.ba\/mojevijesti\/wp-json\/wp\/v2\/media?parent=31789"}],"wp:term":[{"taxonomy":"category","embeddable":true,"href":"https:\/\/modusportal.ba\/mojevijesti\/wp-json\/wp\/v2\/categories?post=31789"},{"taxonomy":"post_tag","embeddable":true,"href":"https:\/\/modusportal.ba\/mojevijesti\/wp-json\/wp\/v2\/tags?post=31789"}],"curies":[{"name":"wp","href":"https:\/\/api.w.org\/{rel}","templated":true}]}}