{"id":31799,"date":"2026-04-01T08:07:48","date_gmt":"2026-04-01T08:07:48","guid":{"rendered":"https:\/\/modusportal.ba\/mojevijesti\/2026\/04\/01\/nacelnik-zaglavio-zbog-trijumfa-zmajeva-opcina-nece-raditi-prije-12-sati\/"},"modified":"2026-04-01T08:07:48","modified_gmt":"2026-04-01T08:07:48","slug":"nacelnik-zaglavio-zbog-trijumfa-zmajeva-opcina-nece-raditi-prije-12-sati","status":"publish","type":"post","link":"https:\/\/modusportal.ba\/mojevijesti\/2026\/04\/01\/nacelnik-zaglavio-zbog-trijumfa-zmajeva-opcina-nece-raditi-prije-12-sati\/","title":{"rendered":"Na\u010delnik \u201czaglavio\u201d zbog trijumfa Zmajeva: Op\u0107ina ne\u0107e raditi prije 12 sati"},"content":{"rendered":"<p><\/p>\n<p><img loading=\"lazy\" decoding=\"async\" loading=\"lazy\" width=\"1024\" height=\"538\" src=\"https:\/\/cdn.fokus.ba\/wp-content\/uploads\/2026\/04\/5b7dcfed6d1c29a841de0368f278e1f4-1-1024x538.jpg\" class=\"attachment-large size-large wp-post-image\" alt=\"Slavlje ispred Vje\u010dne vatre\"><\/p>\n<p>Sr\u0111an Mandi\u0107 iza pono\u0107i objavio informaciju da Op\u0107ina ne\u0107e raditi. Pitanje je koliko je starijih gra\u0111ana ovu informaciju pro\u010ditalo<\/p>\n<p><a href=\"https:\/\/www.fokus.ba\/vijesti\/bih\/nacelnik-zaglavio-zbog-trijumfa-zmajeva-opcina-nece-raditi-prije-12-sati\/3538820\/\">Fokus.ba <\/a><\/p>\n","protected":false},"excerpt":{"rendered":"<p>Sr\u0111an Mandi\u0107 iza pono\u0107i objavio informaciju da Op\u0107ina ne\u0107e raditi. Pitanje je koliko je starijih gra\u0111ana ovu informaciju pro\u010ditalo Fokus.ba<\/p>\n","protected":false},"author":1,"featured_media":0,"comment_status":"open","ping_status":"open","sticky":false,"template":"","format":"standard","meta":{"_siteseo_robots_primary_cat":"","footnotes":""},"categories":[],"tags":[],"class_list":["post-31799","post","type-post","status-publish","format-standard"],"_links":{"self":[{"href":"https:\/\/modusportal.ba\/mojevijesti\/wp-json\/wp\/v2\/posts\/31799","targetHints":{"allow":["GET"]}}],"collection":[{"href":"https:\/\/modusportal.ba\/mojevijesti\/wp-json\/wp\/v2\/posts"}],"about":[{"href":"https:\/\/modusportal.ba\/mojevijesti\/wp-json\/wp\/v2\/types\/post"}],"author":[{"embeddable":true,"href":"https:\/\/modusportal.ba\/mojevijesti\/wp-json\/wp\/v2\/users\/1"}],"replies":[{"embeddable":true,"href":"https:\/\/modusportal.ba\/mojevijesti\/wp-json\/wp\/v2\/comments?post=31799"}],"version-history":[{"count":0,"href":"https:\/\/modusportal.ba\/mojevijesti\/wp-json\/wp\/v2\/posts\/31799\/revisions"}],"wp:attachment":[{"href":"https:\/\/modusportal.ba\/mojevijesti\/wp-json\/wp\/v2\/media?parent=31799"}],"wp:term":[{"taxonomy":"category","embeddable":true,"href":"https:\/\/modusportal.ba\/mojevijesti\/wp-json\/wp\/v2\/categories?post=31799"},{"taxonomy":"post_tag","embeddable":true,"href":"https:\/\/modusportal.ba\/mojevijesti\/wp-json\/wp\/v2\/tags?post=31799"}],"curies":[{"name":"wp","href":"https:\/\/api.w.org\/{rel}","templated":true}]}}