{"id":31804,"date":"2026-04-02T02:33:22","date_gmt":"2026-04-02T02:33:22","guid":{"rendered":"https:\/\/modusportal.ba\/mojevijesti\/2026\/04\/02\/ginkel-i-rukovodstvo-americke-kompanije-na-sastanku-u-predsjednistvu\/"},"modified":"2026-04-02T02:33:22","modified_gmt":"2026-04-02T02:33:22","slug":"ginkel-i-rukovodstvo-americke-kompanije-na-sastanku-u-predsjednistvu","status":"publish","type":"post","link":"https:\/\/modusportal.ba\/mojevijesti\/2026\/04\/02\/ginkel-i-rukovodstvo-americke-kompanije-na-sastanku-u-predsjednistvu\/","title":{"rendered":"Ginkel i rukovodstvo ameri\u010dke kompanije na sastanku u Predsjedni\u0161tvu"},"content":{"rendered":"<p><\/p>\n<p><img loading=\"lazy\" decoding=\"async\" loading=\"lazy\" width=\"1024\" height=\"538\" src=\"https:\/\/cdn.fokus.ba\/wp-content\/uploads\/2026\/04\/predsjednistvo-ginkel-1024x538.jpg\" class=\"attachment-large size-large wp-post-image\" alt=\"aafs\"><\/p>\n<p>Istaknuto je da je Ju\u017ena interkonekcija strate\u0161ki infrastrukturni projekt za BiH koji omogu\u0107ava energetsku diverzifikaciju i doprinosi energetskoj stabilnosti<\/p>\n<p><a href=\"https:\/\/www.fokus.ba\/vijesti\/bih\/ginkel-i-rukovodstvo-americke-kompanije-na-sastanku-u-predsjednistvu\/3538995\/\">Fokus.ba <\/a><\/p>\n","protected":false},"excerpt":{"rendered":"<p>Istaknuto je da je Ju\u017ena interkonekcija strate\u0161ki infrastrukturni projekt za BiH koji omogu\u0107ava energetsku diverzifikaciju i doprinosi energetskoj stabilnosti Fokus.ba<\/p>\n","protected":false},"author":1,"featured_media":0,"comment_status":"open","ping_status":"open","sticky":false,"template":"","format":"standard","meta":{"_siteseo_robots_primary_cat":"","footnotes":""},"categories":[],"tags":[],"class_list":["post-31804","post","type-post","status-publish","format-standard"],"_links":{"self":[{"href":"https:\/\/modusportal.ba\/mojevijesti\/wp-json\/wp\/v2\/posts\/31804","targetHints":{"allow":["GET"]}}],"collection":[{"href":"https:\/\/modusportal.ba\/mojevijesti\/wp-json\/wp\/v2\/posts"}],"about":[{"href":"https:\/\/modusportal.ba\/mojevijesti\/wp-json\/wp\/v2\/types\/post"}],"author":[{"embeddable":true,"href":"https:\/\/modusportal.ba\/mojevijesti\/wp-json\/wp\/v2\/users\/1"}],"replies":[{"embeddable":true,"href":"https:\/\/modusportal.ba\/mojevijesti\/wp-json\/wp\/v2\/comments?post=31804"}],"version-history":[{"count":0,"href":"https:\/\/modusportal.ba\/mojevijesti\/wp-json\/wp\/v2\/posts\/31804\/revisions"}],"wp:attachment":[{"href":"https:\/\/modusportal.ba\/mojevijesti\/wp-json\/wp\/v2\/media?parent=31804"}],"wp:term":[{"taxonomy":"category","embeddable":true,"href":"https:\/\/modusportal.ba\/mojevijesti\/wp-json\/wp\/v2\/categories?post=31804"},{"taxonomy":"post_tag","embeddable":true,"href":"https:\/\/modusportal.ba\/mojevijesti\/wp-json\/wp\/v2\/tags?post=31804"}],"curies":[{"name":"wp","href":"https:\/\/api.w.org\/{rel}","templated":true}]}}