{"id":31834,"date":"2026-04-06T03:50:47","date_gmt":"2026-04-06T03:50:47","guid":{"rendered":"https:\/\/modusportal.ba\/mojevijesti\/2026\/04\/06\/ademovic-osam-delegata-moze-usvojiti-svaki-zakon-zato-dolazi-do-blokada\/"},"modified":"2026-04-06T03:50:47","modified_gmt":"2026-04-06T03:50:47","slug":"ademovic-osam-delegata-moze-usvojiti-svaki-zakon-zato-dolazi-do-blokada","status":"publish","type":"post","link":"https:\/\/modusportal.ba\/mojevijesti\/2026\/04\/06\/ademovic-osam-delegata-moze-usvojiti-svaki-zakon-zato-dolazi-do-blokada\/","title":{"rendered":"Ademovi\u0107: Osam delegata mo\u017ee usvojiti svaki zakon, zato dolazi do blokada"},"content":{"rendered":"<p><\/p>\n<p><img loading=\"lazy\" decoding=\"async\" loading=\"lazy\" width=\"1024\" height=\"538\" src=\"https:\/\/cdn.fokus.ba\/wp-content\/uploads\/2026\/04\/kemal-ademovic-1-1024x538.jpg\" class=\"attachment-large size-large wp-post-image\" alt=\"kemal ademovic\"><\/p>\n<p>Kemal Ademovi\u0107 ka\u017ee da ima zahtjev potpisan od delegata, koji tra\u017ee hitnu sjednicu sa istim dnevnim redom<\/p>\n<p><a href=\"https:\/\/www.fokus.ba\/vijesti\/bih\/ademovic-osam-delegata-moze-usvojiti-svaki-zakon-zato-dolazi-do-blokada\/3539669\/\">Fokus.ba <\/a><\/p>\n","protected":false},"excerpt":{"rendered":"<p>Kemal Ademovi\u0107 ka\u017ee da ima zahtjev potpisan od delegata, koji tra\u017ee hitnu sjednicu sa istim dnevnim redom Fokus.ba<\/p>\n","protected":false},"author":1,"featured_media":0,"comment_status":"open","ping_status":"open","sticky":false,"template":"","format":"standard","meta":{"_siteseo_robots_primary_cat":"","footnotes":""},"categories":[],"tags":[],"class_list":["post-31834","post","type-post","status-publish","format-standard"],"_links":{"self":[{"href":"https:\/\/modusportal.ba\/mojevijesti\/wp-json\/wp\/v2\/posts\/31834","targetHints":{"allow":["GET"]}}],"collection":[{"href":"https:\/\/modusportal.ba\/mojevijesti\/wp-json\/wp\/v2\/posts"}],"about":[{"href":"https:\/\/modusportal.ba\/mojevijesti\/wp-json\/wp\/v2\/types\/post"}],"author":[{"embeddable":true,"href":"https:\/\/modusportal.ba\/mojevijesti\/wp-json\/wp\/v2\/users\/1"}],"replies":[{"embeddable":true,"href":"https:\/\/modusportal.ba\/mojevijesti\/wp-json\/wp\/v2\/comments?post=31834"}],"version-history":[{"count":0,"href":"https:\/\/modusportal.ba\/mojevijesti\/wp-json\/wp\/v2\/posts\/31834\/revisions"}],"wp:attachment":[{"href":"https:\/\/modusportal.ba\/mojevijesti\/wp-json\/wp\/v2\/media?parent=31834"}],"wp:term":[{"taxonomy":"category","embeddable":true,"href":"https:\/\/modusportal.ba\/mojevijesti\/wp-json\/wp\/v2\/categories?post=31834"},{"taxonomy":"post_tag","embeddable":true,"href":"https:\/\/modusportal.ba\/mojevijesti\/wp-json\/wp\/v2\/tags?post=31834"}],"curies":[{"name":"wp","href":"https:\/\/api.w.org\/{rel}","templated":true}]}}