{"id":31839,"date":"2026-04-06T22:19:43","date_gmt":"2026-04-06T22:19:43","guid":{"rendered":"https:\/\/modusportal.ba\/mojevijesti\/2026\/04\/06\/niksic-najavio-kad-stupa-na-snagu-povecanje-penzija-sa-112-na-17-posto\/"},"modified":"2026-04-06T22:19:43","modified_gmt":"2026-04-06T22:19:43","slug":"niksic-najavio-kad-stupa-na-snagu-povecanje-penzija-sa-112-na-17-posto","status":"publish","type":"post","link":"https:\/\/modusportal.ba\/mojevijesti\/2026\/04\/06\/niksic-najavio-kad-stupa-na-snagu-povecanje-penzija-sa-112-na-17-posto\/","title":{"rendered":"Nik\u0161i\u0107 najavio kad stupa na snagu pove\u0107anje penzija sa 11,2 na 17 posto"},"content":{"rendered":"<p><\/p>\n<p><img loading=\"lazy\" decoding=\"async\" loading=\"lazy\" width=\"1024\" height=\"538\" src=\"https:\/\/cdn.fokus.ba\/wp-content\/uploads\/2025\/06\/niksic-1024x538.webp\" class=\"attachment-large size-large wp-post-image\" alt=\"niksic\"><\/p>\n<p>Nik\u0161i\u0107 je poru\u010dio da je fokus bio stavljen na konkretne mjere koje uti\u010du na svakodnevni \u017eivot gra\u0111ana<\/p>\n<p><a href=\"https:\/\/www.fokus.ba\/vijesti\/bih\/niksic-najavio-kad-stupa-na-snagu-povecanje-penzija-sa-112-na-17-posto\/3539915\/\">Fokus.ba <\/a><\/p>\n","protected":false},"excerpt":{"rendered":"<p>Nik\u0161i\u0107 je poru\u010dio da je fokus bio stavljen na konkretne mjere koje uti\u010du na svakodnevni \u017eivot gra\u0111ana Fokus.ba<\/p>\n","protected":false},"author":1,"featured_media":31840,"comment_status":"open","ping_status":"open","sticky":false,"template":"","format":"standard","meta":{"_siteseo_robots_primary_cat":"","footnotes":""},"categories":[],"tags":[],"class_list":["post-31839","post","type-post","status-publish","format-standard","has-post-thumbnail"],"_links":{"self":[{"href":"https:\/\/modusportal.ba\/mojevijesti\/wp-json\/wp\/v2\/posts\/31839","targetHints":{"allow":["GET"]}}],"collection":[{"href":"https:\/\/modusportal.ba\/mojevijesti\/wp-json\/wp\/v2\/posts"}],"about":[{"href":"https:\/\/modusportal.ba\/mojevijesti\/wp-json\/wp\/v2\/types\/post"}],"author":[{"embeddable":true,"href":"https:\/\/modusportal.ba\/mojevijesti\/wp-json\/wp\/v2\/users\/1"}],"replies":[{"embeddable":true,"href":"https:\/\/modusportal.ba\/mojevijesti\/wp-json\/wp\/v2\/comments?post=31839"}],"version-history":[{"count":0,"href":"https:\/\/modusportal.ba\/mojevijesti\/wp-json\/wp\/v2\/posts\/31839\/revisions"}],"wp:featuredmedia":[{"embeddable":true,"href":"https:\/\/modusportal.ba\/mojevijesti\/wp-json\/wp\/v2\/media\/31840"}],"wp:attachment":[{"href":"https:\/\/modusportal.ba\/mojevijesti\/wp-json\/wp\/v2\/media?parent=31839"}],"wp:term":[{"taxonomy":"category","embeddable":true,"href":"https:\/\/modusportal.ba\/mojevijesti\/wp-json\/wp\/v2\/categories?post=31839"},{"taxonomy":"post_tag","embeddable":true,"href":"https:\/\/modusportal.ba\/mojevijesti\/wp-json\/wp\/v2\/tags?post=31839"}],"curies":[{"name":"wp","href":"https:\/\/api.w.org\/{rel}","templated":true}]}}